{"id":31542,"date":"2025-03-12T16:48:01","date_gmt":"2025-03-12T15:48:01","guid":{"rendered":"https:\/\/www.unidroit.org\/?p=31542"},"modified":"2025-03-12T16:48:01","modified_gmt":"2025-03-12T15:48:01","slug":"dixieme-session-du-groupe-de-travail-dunidroit-sur-les-meilleures-pratiques-pour-des-procedures-dexecution-efficaces","status":"publish","type":"post","link":"https:\/\/www.unidroit.org\/fr\/dixieme-session-du-groupe-de-travail-dunidroit-sur-les-meilleures-pratiques-pour-des-procedures-dexecution-efficaces\/","title":{"rendered":"Dixi\u00e8me session du Groupe de travail d\u2019UNIDROIT sur les meilleures pratiques pour des proc\u00e9dures d\u2019ex\u00e9cution efficaces"},"content":{"rendered":"<p style=\"text-align: justify;\">La dixi\u00e8me session du Groupe de travail d\u2019UNIDROIT sur les meilleures pratiques pour des proc\u00e9dures d\u2019ex\u00e9cution efficaces s\u2019est tenue du 10 au 12 mars 2025 au si\u00e8ge d\u2019UNIDROIT \u00e0 Rome et en ligne.<\/p>\n<p style=\"text-align: justify;\">Le Groupe de travail a eu l\u2019occasion d\u2019examiner le projet d\u2019instrument complet, comprenant la Partie I sur l\u2019ex\u00e9cution par les autorit\u00e9s publiques, la Partie II sur l\u2019ex\u00e9cution des s\u00fbret\u00e9s r\u00e9elles et la Partie III sur l\u2019ex\u00e9cution des actifs num\u00e9riques, fruit de l\u2019intense activit\u00e9 intersessionnelle men\u00e9e par le Comit\u00e9 de r\u00e9daction et les membres du Groupe de travail au cours des mois pr\u00e9c\u00e9dents.<\/p>\n<p style=\"text-align: justify;\">Le projet r\u00e9vis\u00e9 sera soumis \u00e0 des consultations informelles et au Conseil de Direction d\u2019UNIDROIT lors de sa prochaine session en mai 2025, lorsque le Secr\u00e9tariat demandera l\u2019autorisation de proc\u00e9der \u00e0 un processus de consultation formel avant sa finalisation.<\/p>\n","protected":false},"excerpt":{"rendered":"<p>La dixi\u00e8me session du Groupe de travail d\u2019UNIDROIT sur les meilleures pratiques pour des proc\u00e9dures d\u2019ex\u00e9cution efficaces s\u2019est tenue du 10 au 12 mars 2025 au si\u00e8ge d\u2019UNIDROIT \u00e0 Rome et en ligne. Le Groupe de travail a eu l\u2019occasion d\u2019examiner le projet d\u2019instrument complet,&nbsp;<a href=\"https:\/\/www.unidroit.org\/fr\/dixieme-session-du-groupe-de-travail-dunidroit-sur-les-meilleures-pratiques-pour-des-procedures-dexecution-efficaces\/\">&hellip;<\/a><\/p>\n","protected":false},"author":25,"featured_media":31539,"comment_status":"closed","ping_status":"open","sticky":false,"template":"","format":"standard","meta":{"ep_exclude_from_search":false,"footnotes":""},"categories":[79,223,222],"tags":[],"class_list":["post-31542","post","type-post","status-publish","format-standard","has-post-thumbnail","hentry","category-actualites","category-civil-procedure-fr","category-effective-enforcement-fr","odd"],"_links":{"self":[{"href":"https:\/\/www.unidroit.org\/fr\/wp-json\/wp\/v2\/posts\/31542","targetHints":{"allow":["GET"]}}],"collection":[{"href":"https:\/\/www.unidroit.org\/fr\/wp-json\/wp\/v2\/posts"}],"about":[{"href":"https:\/\/www.unidroit.org\/fr\/wp-json\/wp\/v2\/types\/post"}],"author":[{"embeddable":true,"href":"https:\/\/www.unidroit.org\/fr\/wp-json\/wp\/v2\/users\/25"}],"replies":[{"embeddable":true,"href":"https:\/\/www.unidroit.org\/fr\/wp-json\/wp\/v2\/comments?post=31542"}],"version-history":[{"count":1,"href":"https:\/\/www.unidroit.org\/fr\/wp-json\/wp\/v2\/posts\/31542\/revisions"}],"predecessor-version":[{"id":31543,"href":"https:\/\/www.unidroit.org\/fr\/wp-json\/wp\/v2\/posts\/31542\/revisions\/31543"}],"wp:featuredmedia":[{"embeddable":true,"href":"https:\/\/www.unidroit.org\/fr\/wp-json\/wp\/v2\/media\/31539"}],"wp:attachment":[{"href":"https:\/\/www.unidroit.org\/fr\/wp-json\/wp\/v2\/media?parent=31542"}],"wp:term":[{"taxonomy":"category","embeddable":true,"href":"https:\/\/www.unidroit.org\/fr\/wp-json\/wp\/v2\/categories?post=31542"},{"taxonomy":"post_tag","embeddable":true,"href":"https:\/\/www.unidroit.org\/fr\/wp-json\/wp\/v2\/tags?post=31542"}],"curies":[{"name":"wp","href":"https:\/\/api.w.org\/{rel}","templated":true}]}}