{"id":31672,"date":"2025-02-21T14:25:30","date_gmt":"2025-02-21T13:25:30","guid":{"rendered":"https:\/\/www.unidroit.org\/unidroit-delivers-lecture-at-colombia-law-school\/"},"modified":"2025-03-21T16:29:26","modified_gmt":"2025-03-21T15:29:26","slug":"unidroit-donne-une-conference-a-la-columbia-law-school","status":"publish","type":"post","link":"https:\/\/www.unidroit.org\/fr\/unidroit-donne-une-conference-a-la-columbia-law-school\/","title":{"rendered":"UNIDROIT donne une conf\u00e9rence \u00e0 la Columbia Law School"},"content":{"rendered":"<p style=\"text-align: justify;\">Le 20 f\u00e9vrier 2025, UNIDROIT a donn\u00e9 une conf\u00e9rence \u00e0 la Columbia Law School \u00e0 New York. Organis\u00e9 par la <em>Columbia Latin American Business Law Association<\/em>, l\u2019\u00e9v\u00e9nement comprenait des pr\u00e9sentations i) du Professeur Ignacio Tirado, Secr\u00e9taire G\u00e9n\u00e9ral d\u2019UNIDROIT, sur le r\u00f4le d\u2019UNIDROIT dans l\u2019harmonisation du droit international priv\u00e9 et les <a href=\"https:\/\/www.unidroit.org\/fr\/instruments\/actifs-numeriques-et-droit-prive\/\">Principes d\u2019UNIDROIT relatifs aux actifs num\u00e9riques et droit priv\u00e9<\/a>, ii) de la Professeure Anna Veneziano, Secr\u00e9taire G\u00e9n\u00e9rale adjointe, sur les <a href=\"https:\/\/www.unidroit.org\/fr\/instruments\/contrats-du-commerce\/principes-dunidroit-2016\/\">Principes d\u2019UNIDROIT relatifs aux contrats du commerce international<\/a>, iii) de M. William Brydie-Watson, Fonctionnaire senior, sur l\u2019Acad\u00e9mie d\u2019UNIDROIT et son <a href=\"https:\/\/www.unidroit.org\/fr\/academie-dunidroit\/recherche-et-stages-2-2\/\">Programme de bourses, de stages et de recherche<\/a>, et du Professeur Alejandro Garro sur l\u2019utilisation des Principes d\u2019UNIDROIT relatifs aux contrats du commerce international en Am\u00e9rique latine.<\/p>\n","protected":false},"excerpt":{"rendered":"<p>Le 20 f\u00e9vrier 2025, UNIDROIT a donn\u00e9 une conf\u00e9rence \u00e0 la Columbia Law School \u00e0 New York. Organis\u00e9 par la Columbia Latin American Business Law Association, l\u2019\u00e9v\u00e9nement comprenait des pr\u00e9sentations i) du Professeur Ignacio Tirado, Secr\u00e9taire G\u00e9n\u00e9ral d\u2019UNIDROIT, sur le r\u00f4le d\u2019UNIDROIT dans l\u2019harmonisation du&nbsp;<a href=\"https:\/\/www.unidroit.org\/fr\/unidroit-donne-une-conference-a-la-columbia-law-school\/\">&hellip;<\/a><\/p>\n","protected":false},"author":30,"featured_media":31633,"comment_status":"closed","ping_status":"closed","sticky":false,"template":"","format":"standard","meta":{"ep_exclude_from_search":false,"footnotes":""},"categories":[79,213,200,260],"tags":[],"class_list":["post-31672","post","type-post","status-publish","format-standard","has-post-thumbnail","hentry","category-actualites","category-digital-assets-private-law-fr","category-principles-uppic-fr","category-unidroit-academy-fr","odd"],"_links":{"self":[{"href":"https:\/\/www.unidroit.org\/fr\/wp-json\/wp\/v2\/posts\/31672","targetHints":{"allow":["GET"]}}],"collection":[{"href":"https:\/\/www.unidroit.org\/fr\/wp-json\/wp\/v2\/posts"}],"about":[{"href":"https:\/\/www.unidroit.org\/fr\/wp-json\/wp\/v2\/types\/post"}],"author":[{"embeddable":true,"href":"https:\/\/www.unidroit.org\/fr\/wp-json\/wp\/v2\/users\/30"}],"replies":[{"embeddable":true,"href":"https:\/\/www.unidroit.org\/fr\/wp-json\/wp\/v2\/comments?post=31672"}],"version-history":[{"count":5,"href":"https:\/\/www.unidroit.org\/fr\/wp-json\/wp\/v2\/posts\/31672\/revisions"}],"predecessor-version":[{"id":31807,"href":"https:\/\/www.unidroit.org\/fr\/wp-json\/wp\/v2\/posts\/31672\/revisions\/31807"}],"wp:featuredmedia":[{"embeddable":true,"href":"https:\/\/www.unidroit.org\/fr\/wp-json\/wp\/v2\/media\/31633"}],"wp:attachment":[{"href":"https:\/\/www.unidroit.org\/fr\/wp-json\/wp\/v2\/media?parent=31672"}],"wp:term":[{"taxonomy":"category","embeddable":true,"href":"https:\/\/www.unidroit.org\/fr\/wp-json\/wp\/v2\/categories?post=31672"},{"taxonomy":"post_tag","embeddable":true,"href":"https:\/\/www.unidroit.org\/fr\/wp-json\/wp\/v2\/tags?post=31672"}],"curies":[{"name":"wp","href":"https:\/\/api.w.org\/{rel}","templated":true}]}}