{"id":31863,"date":"2025-03-21T09:36:19","date_gmt":"2025-03-21T08:36:19","guid":{"rendered":"https:\/\/www.unidroit.org\/?p=31863"},"modified":"2025-03-28T16:00:35","modified_gmt":"2025-03-28T15:00:35","slug":"troisieme-session-du-groupe-de-travail-dunidroit-sur-les-biens-culturels-orphelins","status":"publish","type":"post","link":"https:\/\/www.unidroit.org\/fr\/troisieme-session-du-groupe-de-travail-dunidroit-sur-les-biens-culturels-orphelins\/","title":{"rendered":"Troisi\u00e8me session du Groupe de travail d\u2019UNIDROIT sur les biens culturels orphelins"},"content":{"rendered":"<p style=\"text-align: justify;\">Du 17 au 19 mars 2025, le Groupe de travail sur les biens culturels orphelins a tenu sa troisi\u00e8me session dans un format hybride au si\u00e8ge d\u2019UNIDROIT \u00e0 Rome. Ce projet, inscrit au Programme de travail 2023-2025 d\u2019UNIDROIT sur les Collections d\u2019art priv\u00e9es, est men\u00e9 en collaboration avec le Centre du droit de l\u2019art de l\u2019Universit\u00e9 de Gen\u00e8ve (ALC) et la Fondation Gandur pour l\u2019Art (FGA).<\/p>\n<p style=\"text-align: justify;\">Les discussions ont port\u00e9 principalement sur la diligence requise et la recherche de provenance pour les biens pour lesquels les informations sont incompl\u00e8tes ou inexistantes, ainsi que sur les propositions de r\u00e9daction des Principes \u00e9labor\u00e9es par les sous-groupes constitu\u00e9s lors de la derni\u00e8re session du Groupe de travail (d\u00e9cembre 2024). Ces sous-groupes \u00e9taient compos\u00e9s de membres et d\u2019observateurs, r\u00e9partis en fonction de leurs sp\u00e9cialit\u00e9s.<\/p>\n<p>&nbsp;<\/p>\n<p><img loading=\"lazy\" decoding=\"async\" class=\"size-medium wp-image-31872 aligncenter\" src=\"https:\/\/www.unidroit.org\/wp-content\/uploads\/2025\/03\/WG3-March-2025-scaled-300x225.jpg\" alt=\"\" width=\"300\" height=\"225\" srcset=\"https:\/\/www.unidroit.org\/wp-content\/uploads\/2025\/03\/WG3-March-2025-scaled-300x225.jpg 300w, https:\/\/www.unidroit.org\/wp-content\/uploads\/2025\/03\/WG3-March-2025-scaled-1024x768.jpg 1024w\" sizes=\"auto, (max-width: 300px) 100vw, 300px\" \/><\/p>\n","protected":false},"excerpt":{"rendered":"<p>Du 17 au 19 mars 2025, le Groupe de travail sur les biens culturels orphelins a tenu sa troisi\u00e8me session dans un format hybride au si\u00e8ge d\u2019UNIDROIT \u00e0 Rome. Ce projet, inscrit au Programme de travail 2023-2025 d\u2019UNIDROIT sur les Collections d\u2019art priv\u00e9es, est men\u00e9&nbsp;<a href=\"https:\/\/www.unidroit.org\/fr\/troisieme-session-du-groupe-de-travail-dunidroit-sur-les-biens-culturels-orphelins\/\">&hellip;<\/a><\/p>\n","protected":false},"author":30,"featured_media":31859,"comment_status":"closed","ping_status":"closed","sticky":false,"template":"","format":"standard","meta":{"ep_exclude_from_search":false,"footnotes":""},"categories":[79,218],"tags":[],"class_list":["post-31863","post","type-post","status-publish","format-standard","has-post-thumbnail","hentry","category-actualites","category-cultural-property-fr","odd"],"_links":{"self":[{"href":"https:\/\/www.unidroit.org\/fr\/wp-json\/wp\/v2\/posts\/31863","targetHints":{"allow":["GET"]}}],"collection":[{"href":"https:\/\/www.unidroit.org\/fr\/wp-json\/wp\/v2\/posts"}],"about":[{"href":"https:\/\/www.unidroit.org\/fr\/wp-json\/wp\/v2\/types\/post"}],"author":[{"embeddable":true,"href":"https:\/\/www.unidroit.org\/fr\/wp-json\/wp\/v2\/users\/30"}],"replies":[{"embeddable":true,"href":"https:\/\/www.unidroit.org\/fr\/wp-json\/wp\/v2\/comments?post=31863"}],"version-history":[{"count":4,"href":"https:\/\/www.unidroit.org\/fr\/wp-json\/wp\/v2\/posts\/31863\/revisions"}],"predecessor-version":[{"id":31885,"href":"https:\/\/www.unidroit.org\/fr\/wp-json\/wp\/v2\/posts\/31863\/revisions\/31885"}],"wp:featuredmedia":[{"embeddable":true,"href":"https:\/\/www.unidroit.org\/fr\/wp-json\/wp\/v2\/media\/31859"}],"wp:attachment":[{"href":"https:\/\/www.unidroit.org\/fr\/wp-json\/wp\/v2\/media?parent=31863"}],"wp:term":[{"taxonomy":"category","embeddable":true,"href":"https:\/\/www.unidroit.org\/fr\/wp-json\/wp\/v2\/categories?post=31863"},{"taxonomy":"post_tag","embeddable":true,"href":"https:\/\/www.unidroit.org\/fr\/wp-json\/wp\/v2\/tags?post=31863"}],"curies":[{"name":"wp","href":"https:\/\/api.w.org\/{rel}","templated":true}]}}