{"id":36263,"date":"2025-10-27T14:47:04","date_gmt":"2025-10-27T13:47:04","guid":{"rendered":"https:\/\/www.unidroit.org\/unidroit-participates-in-italian-norwegian-conference\/"},"modified":"2025-10-29T12:01:17","modified_gmt":"2025-10-29T11:01:17","slug":"unidroit-participe-a-la-conference-italo-norvegienne","status":"publish","type":"post","link":"https:\/\/www.unidroit.org\/fr\/unidroit-participe-a-la-conference-italo-norvegienne\/","title":{"rendered":"UNIDROIT participe \u00e0 la Conf\u00e9rence italo-norv\u00e9gienne"},"content":{"rendered":"<p style=\"text-align: justify;\">Le 22 octobre 2025, UNIDROIT a particip\u00e9 \u00e0 la IV<sup>\u00e8me<\/sup> Conf\u00e9rence italo-norv\u00e9gienne, organis\u00e9e par l\u2019Institut de recherche italo-norv\u00e9gien pour le droit et l\u2019\u00e9conomie (<em>Italian Norwegian Research Institute for Law and Economics (INRILE)<\/em>) \u00e0 l\u2019Universit\u00e9 Luiss Guido Carli \u00e0 Rome. La conf\u00e9rence \u00e9tait ax\u00e9e sur le th\u00e8me \u201c<em>The Impact of EU Regulation on Models of Banking and Finance<\/em>\u201d et a \u00e9t\u00e9 pr\u00e9sid\u00e9e par les Professeurs Mads Anden\u00e6s (Universit\u00e9 d\u2019Oslo) et Valerio Lemma (Universit\u00e9 G. Marconi de Rome), Directeurs de l\u2019INRILE.<\/p>\n<p style=\"text-align: justify;\">Au cours de la conf\u00e9rence, Mme Myrte Thijssen, Fonctionnaire senior \u00e0 UNIDROIT, a particip\u00e9 \u00e0 la Session II &#8211; Nouvelles sur la r\u00e9glementation bancaire et financi\u00e8re de l\u2019Union europ\u00e9enne et a pr\u00e9sent\u00e9 le Guide l\u00e9gislatif d\u2019UNIDROIT sur la liquidation bancaire qui a \u00e9t\u00e9 adopt\u00e9 en 2025. Mme Thijssen a soulign\u00e9 l\u2019importance du Guide pour aider les l\u00e9gislateurs et les d\u00e9cideurs politiques \u00e0 concevoir des r\u00e9gimes de liquidation bancaire efficaces adapt\u00e9s aux caract\u00e9ristiques sp\u00e9cifiques des banques non syst\u00e9miques. Sa pr\u00e9sentation a mis en lumi\u00e8re les \u00e9l\u00e9ments cl\u00e9s de l\u2019instrument, y compris la conception institutionnelle propos\u00e9e, les outils de liquidation, les dimensions du groupe, l\u2019utilisation potentielle du financement de l\u2019assurance-d\u00e9p\u00f4ts, et les aspects cruciaux de la hi\u00e9rarchie des cr\u00e9anciers, y compris le classement des d\u00e9p\u00f4ts dans les proc\u00e9dures de liquidation.<\/p>\n<p><img loading=\"lazy\" decoding=\"async\" class=\" wp-image-36257 aligncenter\" src=\"https:\/\/www.unidroit.org\/wp-content\/uploads\/2025\/10\/20251022_1723430-scaled.jpg\" alt=\"\" width=\"455\" height=\"341\" srcset=\"https:\/\/www.unidroit.org\/wp-content\/uploads\/2025\/10\/20251022_1723430-scaled.jpg 2560w, https:\/\/www.unidroit.org\/wp-content\/uploads\/2025\/10\/20251022_1723430-scaled-300x225.jpg 300w, https:\/\/www.unidroit.org\/wp-content\/uploads\/2025\/10\/20251022_1723430-scaled-1024x768.jpg 1024w\" sizes=\"auto, (max-width: 455px) 100vw, 455px\" \/><\/p>\n<p style=\"text-align: justify;\">La conf\u00e9rence a \u00e9galement fourni une excellente occasion d\u2019explorer les possibilit\u00e9s de collaboration entre l\u2019INRILE et le Centre de droit nordique d\u2019UNIDROIT, notamment par le biais d&#8217;\u00e9v\u00e9nements conjoints et d\u2019initiatives de recherche dans des domaines d\u2019int\u00e9r\u00eat commun. Mme Theodora Kostoula, Consultante juridique d\u2019UNIDROIT et Coordinatrice du<a href=\"https:\/\/www.unidroit.org\/fr\/academie-dunidroit\/instituts\/#1703236497572-9c581f91-9d43\" target=\"_blank\" rel=\"noopener\"> Centre de droit nordique,<\/a> a eu des discussions approfondies avec l\u2019\u00e9quipe de l\u2019INRILE, soulignant les instruments pertinents d\u2019UNIDROIT et \u00e9changeant des id\u00e9es pour de futures initiatives conjointes. Sur la base de ces \u00e9changes constructifs, les deux parties ont exprim\u00e9 un vif int\u00e9r\u00eat pour l\u2019approfondissement de leur coop\u00e9ration et l\u2019identification de nouvelles opportunit\u00e9s de partenariat pour l\u2019avenir.<\/p>\n<p>Le programme de l&#8217;\u00e9v\u00e9nement peut \u00eatre consult\u00e9 <a href=\"https:\/\/www.unidroit.org\/wp-content\/uploads\/2025\/10\/Screenshot_20251022_160343_OneDrive.jpg\" target=\"_blank\" rel=\"noopener\">ici<\/a> (en anglais).<\/p>\n<p>&nbsp;<\/p>\n","protected":false},"excerpt":{"rendered":"<p>Le 22 octobre 2025, UNIDROIT a particip\u00e9 \u00e0 la IV\u00e8me Conf\u00e9rence italo-norv\u00e9gienne, organis\u00e9e par l\u2019Institut de recherche italo-norv\u00e9gien pour le droit et l\u2019\u00e9conomie (Italian Norwegian Research Institute for Law and Economics (INRILE)) \u00e0 l\u2019Universit\u00e9 Luiss Guido Carli \u00e0 Rome. La conf\u00e9rence \u00e9tait ax\u00e9e sur le&nbsp;<a href=\"https:\/\/www.unidroit.org\/fr\/unidroit-participe-a-la-conference-italo-norvegienne\/\">&hellip;<\/a><\/p>\n","protected":false},"author":15,"featured_media":36260,"comment_status":"closed","ping_status":"closed","sticky":false,"template":"","format":"standard","meta":{"ep_exclude_from_search":false,"footnotes":""},"categories":[79,261,309],"tags":[],"class_list":["post-36263","post","type-post","status-publish","format-standard","has-post-thumbnail","hentry","category-actualites","category-bank-insolvency-fr","category-nordic-law-centre-fr","odd"],"_links":{"self":[{"href":"https:\/\/www.unidroit.org\/fr\/wp-json\/wp\/v2\/posts\/36263","targetHints":{"allow":["GET"]}}],"collection":[{"href":"https:\/\/www.unidroit.org\/fr\/wp-json\/wp\/v2\/posts"}],"about":[{"href":"https:\/\/www.unidroit.org\/fr\/wp-json\/wp\/v2\/types\/post"}],"author":[{"embeddable":true,"href":"https:\/\/www.unidroit.org\/fr\/wp-json\/wp\/v2\/users\/15"}],"replies":[{"embeddable":true,"href":"https:\/\/www.unidroit.org\/fr\/wp-json\/wp\/v2\/comments?post=36263"}],"version-history":[{"count":7,"href":"https:\/\/www.unidroit.org\/fr\/wp-json\/wp\/v2\/posts\/36263\/revisions"}],"predecessor-version":[{"id":36281,"href":"https:\/\/www.unidroit.org\/fr\/wp-json\/wp\/v2\/posts\/36263\/revisions\/36281"}],"wp:featuredmedia":[{"embeddable":true,"href":"https:\/\/www.unidroit.org\/fr\/wp-json\/wp\/v2\/media\/36260"}],"wp:attachment":[{"href":"https:\/\/www.unidroit.org\/fr\/wp-json\/wp\/v2\/media?parent=36263"}],"wp:term":[{"taxonomy":"category","embeddable":true,"href":"https:\/\/www.unidroit.org\/fr\/wp-json\/wp\/v2\/categories?post=36263"},{"taxonomy":"post_tag","embeddable":true,"href":"https:\/\/www.unidroit.org\/fr\/wp-json\/wp\/v2\/tags?post=36263"}],"curies":[{"name":"wp","href":"https:\/\/api.w.org\/{rel}","templated":true}]}}