{"id":37084,"date":"2025-12-11T14:36:26","date_gmt":"2025-12-11T13:36:26","guid":{"rendered":"https:\/\/www.unidroit.org\/?p=37084"},"modified":"2025-12-11T14:36:26","modified_gmt":"2025-12-11T13:36:26","slug":"quatrieme-session-du-groupe-de-travail-dunidroit-sur-les-collections-dart-privees-projet-sur-les-biens-culturels-orphelins","status":"publish","type":"post","link":"https:\/\/www.unidroit.org\/fr\/quatrieme-session-du-groupe-de-travail-dunidroit-sur-les-collections-dart-privees-projet-sur-les-biens-culturels-orphelins\/","title":{"rendered":"Quatri\u00e8me session du Groupe de travail d\u2019UNIDROIT sur les Collections d\u2019art priv\u00e9es \u2013 Projet sur les biens culturels orphelins"},"content":{"rendered":"<p style=\"text-align: justify;\">Du 1er au 3 d\u00e9cembre 2025, la quatri\u00e8me session du Groupe de travail sur les collections d\u2019art priv\u00e9es \u2013 Projet Objets culturels orphelins s\u2019est tenue en format hybride au si\u00e8ge d\u2019UNIDROIT \u00e0 Rome. Le projet est r\u00e9alis\u00e9, dans le cadre du Programme de travail d\u2019UNIDROIT pour la p\u00e9riode triennale 2023-2025, en partenariat avec le Centre du droit de l\u2019art de l\u2019Universit\u00e9 de Gen\u00e8ve (ALC) et la Fondation Gandur pour l\u2019Art (FGA).<\/p>\n<p style=\"text-align: justify;\">Le projet vise \u00e0 d\u00e9velopper des crit\u00e8res pour traiter des biens culturels d\u00e9pourvus de provenance ou pr\u00e9sentant des lacunes importantes dans leur provenance afin d\u2019\u00e9viter leur disparition au d\u00e9triment de l\u2019histoire de l\u2019art, de la science et du savoir. Le Groupe de travail travaille \u00e0 \u00e9laborer un ensemble de principes ou de lignes directrices pour aider \u00e0 traiter la question de ces biens, ainsi que des outils pratiques pour les collections cherchant activement \u00e0 g\u00e9rer leurs objets orphelins.<\/p>\n<p style=\"text-align: justify;\">La quatri\u00e8me session a d\u00e9but\u00e9 par un Symposium de recherche d\u2019une journ\u00e9e intitul\u00e9 \u00ab Objets orphelins : aspects curatoriaux, \u00e9thiques et juridiques \u00bb. De nombreux experts, parmi lesquels des chercheurs en provenance, qu\u2019ils soient affili\u00e9s \u00e0 une organisation nationale ou financ\u00e9e par le gouvernement, des organisations \u00e0 but non lucratif ou des \u00e9quipes de recherche en provenance dans des institutions culturelles, ont \u00e9t\u00e9 invit\u00e9s \u00e0 r\u00e9pondre \u00e0 des questions sp\u00e9cifiques. Le Symposium visait \u00e0 aider le Groupe de travail \u00e0 avancer dans l\u2019id\u00e9e et la consolidation d\u2019un plan pour un avenir meilleur pour les objets orphelins. Les intervenants du Symposium \u00e9taient M. Daniel ABIDJO (conservateur du patrimoine ; doctorant en \u00ab \u00c9tudes du patrimoine \u00bb, B\u00e9nin), M. Sanjay ADHIKARI (avocat, avocat pour les questions relatives au patrimoine culturel au N\u00e9pal), Mme Saskia COUSIN (anthropologue et professeure de sociologie \u00e0 l\u2019Universit\u00e9 Paris Nanterre, affili\u00e9e au Centre de recherche SOPHIAPOL), Mme Marie DUFLOT (doctorante, \u00c9cole des Hautes \u00c9tudes en Sciences Sociales (EHESS), Centre Georg Simmel (EHESS-CNRS), UMR 8131), France), M. Maxence GARDE (Conservateur, Collection d\u2019Antiquit\u00e9s, Mus\u00e9e Calouste Gulbenkian, Fondation Calouste Gulbenkian, Portugal), Mme Nancy KARRELS<strong><b>\u00a0<\/b><\/strong>(Vice-Directrice de la recherche de provenance au National Museum of Asian Art, Smithsonian, \u00c9tats-Unis d\u2019Am\u00e9rique), Mme Laurence MAUGER-VIELPEAU (Professeur, Droit priv\u00e9 et Sciences P\u00e9nales, Universit\u00e9 de Caen-Normandie, France), M. Jacques SCHUHMACHER\u00a0(Directeur ex\u00e9cutif de la recherche sur la provenance \u00e0 l\u2019Art Institute of Chicago, \u00c9tats-Unis d\u2019Am\u00e9rique) et M. Pierre TAUGOURDEAU (Secr\u00e9taire g\u00e9n\u00e9ral, Conseil des Maisons de Vente, France). Mme Janet ULPH, professeure \u00e9m\u00e9rite de droit commercial \u00e0 la Leicester Law School de l\u2019Universit\u00e9 de Leicester, a soumis un document \u00e9crit au Symposium.<\/p>\n<p style=\"text-align: justify;\">Au cours de la quatri\u00e8me session, le Groupe de travail a poursuivi l\u2019examen des projets de Lignes directrices \u00e0 la lumi\u00e8re des pr\u00e9sentations faites lors du Symposium de recherche et des documents pr\u00e9par\u00e9s par le Secr\u00e9tariat d\u2019UNIDROIT.<\/p>\n<p style=\"text-align: justify;\">Le Groupe de travail a \u00e9galement \u00e9t\u00e9 aimablement invit\u00e9 le lundi 1er d\u00e9cembre par Son Excellence M. Renato Mosca de Souza, Ambassadeur du Br\u00e9sil en Italie, \u00e0 une visite guid\u00e9e du Palazzo Pamphilj, si\u00e8ge de l\u2019Ambassade sur la Piazza Navona.<\/p>\n<p><img loading=\"lazy\" decoding=\"async\" class=\"aligncenter wp-image-37078 size-large\" src=\"https:\/\/www.unidroit.org\/wp-content\/uploads\/2025\/12\/wg1-615x607.png\" alt=\"\" width=\"615\" height=\"607\" srcset=\"https:\/\/www.unidroit.org\/wp-content\/uploads\/2025\/12\/wg1.png 615w, https:\/\/www.unidroit.org\/wp-content\/uploads\/2025\/12\/wg1-300x296.png 300w\" sizes=\"auto, (max-width: 615px) 100vw, 615px\" \/><\/p>\n<p style=\"text-align: justify;\">Le rapport de la quatri\u00e8me session du Groupe de travail sera publi\u00e9 dans les semaines \u00e0 venir. La prochaine session du Groupe de travail est pr\u00e9vue pour mars 2026. Plus d\u2019informations sur le projet Collections d\u2019art priv\u00e9es sont disponibles sur le <a href=\"https:\/\/www.unidroit.org\/fr\/travaux-en-cours\/les-collections-privees\/\"><u>site web d\u2019UNIDROIT<\/u><\/a>.<\/p>\n","protected":false},"excerpt":{"rendered":"<p>Du 1er au 3 d\u00e9cembre 2025, la quatri\u00e8me session du Groupe de travail sur les collections d\u2019art priv\u00e9es \u2013 Projet Objets culturels orphelins s\u2019est tenue en format hybride au si\u00e8ge d\u2019UNIDROIT \u00e0 Rome. Le projet est r\u00e9alis\u00e9, dans le cadre du Programme de travail d\u2019UNIDROIT&nbsp;<a href=\"https:\/\/www.unidroit.org\/fr\/quatrieme-session-du-groupe-de-travail-dunidroit-sur-les-collections-dart-privees-projet-sur-les-biens-culturels-orphelins\/\">&hellip;<\/a><\/p>\n","protected":false},"author":30,"featured_media":0,"comment_status":"closed","ping_status":"open","sticky":false,"template":"","format":"standard","meta":{"ep_exclude_from_search":false,"footnotes":""},"categories":[72],"tags":[],"class_list":["post-37084","post","type-post","status-publish","format-standard","hentry","category-non-classifiee","odd"],"_links":{"self":[{"href":"https:\/\/www.unidroit.org\/fr\/wp-json\/wp\/v2\/posts\/37084","targetHints":{"allow":["GET"]}}],"collection":[{"href":"https:\/\/www.unidroit.org\/fr\/wp-json\/wp\/v2\/posts"}],"about":[{"href":"https:\/\/www.unidroit.org\/fr\/wp-json\/wp\/v2\/types\/post"}],"author":[{"embeddable":true,"href":"https:\/\/www.unidroit.org\/fr\/wp-json\/wp\/v2\/users\/30"}],"replies":[{"embeddable":true,"href":"https:\/\/www.unidroit.org\/fr\/wp-json\/wp\/v2\/comments?post=37084"}],"version-history":[{"count":2,"href":"https:\/\/www.unidroit.org\/fr\/wp-json\/wp\/v2\/posts\/37084\/revisions"}],"predecessor-version":[{"id":37088,"href":"https:\/\/www.unidroit.org\/fr\/wp-json\/wp\/v2\/posts\/37084\/revisions\/37088"}],"wp:attachment":[{"href":"https:\/\/www.unidroit.org\/fr\/wp-json\/wp\/v2\/media?parent=37084"}],"wp:term":[{"taxonomy":"category","embeddable":true,"href":"https:\/\/www.unidroit.org\/fr\/wp-json\/wp\/v2\/categories?post=37084"},{"taxonomy":"post_tag","embeddable":true,"href":"https:\/\/www.unidroit.org\/fr\/wp-json\/wp\/v2\/tags?post=37084"}],"curies":[{"name":"wp","href":"https:\/\/api.w.org\/{rel}","templated":true}]}}