{"id":37932,"date":"2026-01-26T10:35:52","date_gmt":"2026-01-26T09:35:52","guid":{"rendered":"https:\/\/www.unidroit.org\/?p=37932"},"modified":"2026-01-26T10:36:34","modified_gmt":"2026-01-26T09:36:34","slug":"seminaire-sur-les-principes-dunidroit-a-luniversite-de-breme","status":"publish","type":"post","link":"https:\/\/www.unidroit.org\/fr\/seminaire-sur-les-principes-dunidroit-a-luniversite-de-breme\/","title":{"rendered":"S\u00e9minaire sur les Principes d\u2019UNIDROIT \u00e0 l\u2019Universit\u00e9 de Br\u00eame"},"content":{"rendered":"<p style=\"text-align: justify;\">Le 20 janvier 2026, Mme Philine Wehling, Fonctionnaire d\u2019UNIDROIT, a anim\u00e9 un s\u00e9minaire intitul\u00e9 \u201cThe UNIDROIT Principles of International Commercial Contracts: Private Uniform Law and Global Legal Pluralism\u201d \u00e0 l\u2019Universit\u00e9 de Br\u00eame, Allemagne, dans le cadre du programme de master en droit transnational de l\u2019Universit\u00e9.<\/p>\n<p style=\"text-align: justify;\">Le s\u00e9minaire a explor\u00e9 le r\u00f4le des Principes d\u2019UNIDROIT dans l\u2019harmonisation du droit commercial transnational et le rapprochement des diff\u00e9rentes traditions juridiques dans le commerce international. Il a commenc\u00e9 par pr\u00e9senter le contexte g\u00e9n\u00e9ral de l\u2019harmonisation du droit priv\u00e9 transnational, en explorant ses objectifs, les principaux acteurs impliqu\u00e9s et les contextes institutionnels dans lesquels s\u2019inscrivent les processus d\u2019harmonisation et d\u2019unification.<\/p>\n<p style=\"text-align: justify;\">Sur cette base, le s\u00e9minaire s\u2019est pench\u00e9 sur les Principes d\u2019UNIDROIT relatifs aux contrats du commerce international (UPICC), en examinant leur gen\u00e8se, leurs objectifs sous-jacents et leur architecture normative distinctive en tant qu\u2019outil de droit priv\u00e9 uniforme. Une attention particuli\u00e8re a ensuite \u00e9t\u00e9 accord\u00e9e aux fonctions et utilisations pratiques des UPICC, notamment leur incorporation dans les contrats du commerce international et leur influence croissante sur la l\u00e9gislation ainsi que sur le d\u00e9veloppement de la jurisprudence et de la pratique arbitrale aux niveaux national et transnational.<\/p>\n<p style=\"text-align: justify;\">Le s\u00e9minaire s\u2019est conclu par une discussion sur la r\u00e9ception et l\u2019application r\u00e9gionales, s\u2019appuyant sur des donn\u00e9es empiriques relatives \u00e0 l\u2019utilisation des UPICC dans la r\u00e9gion MOAN et illustrant l\u2019interaction entre les efforts d\u2019harmonisation mondiale et les contextes juridiques locaux.<\/p>\n<p style=\"text-align: justify;\">Pour davantage d\u2019informations sur les UPICC, voir: <a href=\"https:\/\/www.unidroit.org\/fr\/instruments\/contrats-du-commerce\/principes-dunidroit-2016\/\" target=\"_blank\" rel=\"noopener\">https:\/\/www.unidroit.org\/fr\/instruments\/contrats-du-commerce\/principes-dunidroit-2016\/.<\/a><\/p>\n","protected":false},"excerpt":{"rendered":"<p>Le 20 janvier 2026, Mme Philine Wehling, Fonctionnaire d\u2019UNIDROIT, a anim\u00e9 un s\u00e9minaire intitul\u00e9 \u201cThe UNIDROIT Principles of International Commercial Contracts: Private Uniform Law and Global Legal Pluralism\u201d \u00e0 l\u2019Universit\u00e9 de Br\u00eame, Allemagne, dans le cadre du programme de master en droit transnational de l\u2019Universit\u00e9.&nbsp;<a href=\"https:\/\/www.unidroit.org\/fr\/seminaire-sur-les-principes-dunidroit-a-luniversite-de-breme\/\">&hellip;<\/a><\/p>\n","protected":false},"author":30,"featured_media":37927,"comment_status":"closed","ping_status":"open","sticky":false,"template":"","format":"standard","meta":{"ep_exclude_from_search":false,"footnotes":""},"categories":[79,200],"tags":[],"class_list":["post-37932","post","type-post","status-publish","format-standard","has-post-thumbnail","hentry","category-actualites","category-principles-uppic-fr","odd"],"_links":{"self":[{"href":"https:\/\/www.unidroit.org\/fr\/wp-json\/wp\/v2\/posts\/37932","targetHints":{"allow":["GET"]}}],"collection":[{"href":"https:\/\/www.unidroit.org\/fr\/wp-json\/wp\/v2\/posts"}],"about":[{"href":"https:\/\/www.unidroit.org\/fr\/wp-json\/wp\/v2\/types\/post"}],"author":[{"embeddable":true,"href":"https:\/\/www.unidroit.org\/fr\/wp-json\/wp\/v2\/users\/30"}],"replies":[{"embeddable":true,"href":"https:\/\/www.unidroit.org\/fr\/wp-json\/wp\/v2\/comments?post=37932"}],"version-history":[{"count":3,"href":"https:\/\/www.unidroit.org\/fr\/wp-json\/wp\/v2\/posts\/37932\/revisions"}],"predecessor-version":[{"id":37935,"href":"https:\/\/www.unidroit.org\/fr\/wp-json\/wp\/v2\/posts\/37932\/revisions\/37935"}],"wp:featuredmedia":[{"embeddable":true,"href":"https:\/\/www.unidroit.org\/fr\/wp-json\/wp\/v2\/media\/37927"}],"wp:attachment":[{"href":"https:\/\/www.unidroit.org\/fr\/wp-json\/wp\/v2\/media?parent=37932"}],"wp:term":[{"taxonomy":"category","embeddable":true,"href":"https:\/\/www.unidroit.org\/fr\/wp-json\/wp\/v2\/categories?post=37932"},{"taxonomy":"post_tag","embeddable":true,"href":"https:\/\/www.unidroit.org\/fr\/wp-json\/wp\/v2\/tags?post=37932"}],"curies":[{"name":"wp","href":"https:\/\/api.w.org\/{rel}","templated":true}]}}