{"id":37999,"date":"2026-01-27T09:23:42","date_gmt":"2026-01-27T08:23:42","guid":{"rendered":"https:\/\/www.unidroit.org\/?p=37999"},"modified":"2026-01-27T09:23:42","modified_gmt":"2026-01-27T08:23:42","slug":"les-archives-et-la-bibliotheque-dunidroit-officiellement-declarees-dinteret-national","status":"publish","type":"post","link":"https:\/\/www.unidroit.org\/fr\/les-archives-et-la-bibliotheque-dunidroit-officiellement-declarees-dinteret-national\/","title":{"rendered":"Les Archives et la Biblioth\u00e8que d\u2019UNIDROIT officiellement d\u00e9clar\u00e9es d\u2019int\u00e9r\u00eat national"},"content":{"rendered":"<p>UNIDROIT a le plaisir d\u2019annoncer que le Minist\u00e8re italien de la Culture, par l\u2019interm\u00e9diaire de la Surintendance Sp\u00e9ciale de Rome pour l&#8217;Arch\u00e9ologie, les Beaux-Arts et le Paysage et de la Commission r\u00e9gionale pour le patrimoine culturel du Latium, a pris un d\u00e9cret d\u00e9clarant officiellement les Archives historiques d\u2019UNIDROIT \u201cd\u2019int\u00e9r\u00eat historique particuli\u00e8rement important\u201d et la Biblioth\u00e8que d\u2019UNIDROIT \u201cd\u2019int\u00e9r\u00eat culturel exceptionnel\u201d.<\/p>\n<p>Ces d\u00e9clarations, intervenues \u00e0 l\u2019aube du Centenaire d\u2019UNIDROIT, conf\u00e8rent un prestige et une reconnaissance accrus au caract\u00e8re extraordinaire des collections conserv\u00e9es tant \u00e0 la Biblioth\u00e8que qu\u2019aux Archives historiques d\u2019UNIDROIT. Elles permettront \u00e9galement \u00e0 l\u2019Institut de b\u00e9n\u00e9ficier de financements destin\u00e9s \u00e0 la conservation, \u00e0 la pr\u00e9servation et \u00e0 la diffusion des collections uniques conserv\u00e9es \u00e0 la Villa Aldobrandini.<\/p>\n<a href=\"https:\/\/www.unidroit.org\/wp-content\/uploads\/2026\/01\/80280888Decreto-Archivio-e-Biblioteca-Unidroit-signed.pdf\" class=\"pdfemb-viewer\" style=\"\" data-width=\"max\" data-height=\"max\" data-toolbar=\"bottom\" data-toolbar-fixed=\"off\">80280888Decreto Archivio e Biblioteca Unidroit-signed<\/a>\n","protected":false},"excerpt":{"rendered":"<p>UNIDROIT a le plaisir d\u2019annoncer que le Minist\u00e8re italien de la Culture, par l\u2019interm\u00e9diaire de la Surintendance Sp\u00e9ciale de Rome pour l&#8217;Arch\u00e9ologie, les Beaux-Arts et le Paysage et de la Commission r\u00e9gionale pour le patrimoine culturel du Latium, a pris un d\u00e9cret d\u00e9clarant officiellement les&nbsp;<a href=\"https:\/\/www.unidroit.org\/fr\/les-archives-et-la-bibliotheque-dunidroit-officiellement-declarees-dinteret-national\/\">&hellip;<\/a><\/p>\n","protected":false},"author":30,"featured_media":37991,"comment_status":"closed","ping_status":"open","sticky":false,"template":"","format":"standard","meta":{"ep_exclude_from_search":false,"footnotes":""},"categories":[79,72,260],"tags":[],"class_list":["post-37999","post","type-post","status-publish","format-standard","has-post-thumbnail","hentry","category-actualites","category-non-classifiee","category-unidroit-academy-fr","odd"],"_links":{"self":[{"href":"https:\/\/www.unidroit.org\/fr\/wp-json\/wp\/v2\/posts\/37999","targetHints":{"allow":["GET"]}}],"collection":[{"href":"https:\/\/www.unidroit.org\/fr\/wp-json\/wp\/v2\/posts"}],"about":[{"href":"https:\/\/www.unidroit.org\/fr\/wp-json\/wp\/v2\/types\/post"}],"author":[{"embeddable":true,"href":"https:\/\/www.unidroit.org\/fr\/wp-json\/wp\/v2\/users\/30"}],"replies":[{"embeddable":true,"href":"https:\/\/www.unidroit.org\/fr\/wp-json\/wp\/v2\/comments?post=37999"}],"version-history":[{"count":1,"href":"https:\/\/www.unidroit.org\/fr\/wp-json\/wp\/v2\/posts\/37999\/revisions"}],"predecessor-version":[{"id":38000,"href":"https:\/\/www.unidroit.org\/fr\/wp-json\/wp\/v2\/posts\/37999\/revisions\/38000"}],"wp:featuredmedia":[{"embeddable":true,"href":"https:\/\/www.unidroit.org\/fr\/wp-json\/wp\/v2\/media\/37991"}],"wp:attachment":[{"href":"https:\/\/www.unidroit.org\/fr\/wp-json\/wp\/v2\/media?parent=37999"}],"wp:term":[{"taxonomy":"category","embeddable":true,"href":"https:\/\/www.unidroit.org\/fr\/wp-json\/wp\/v2\/categories?post=37999"},{"taxonomy":"post_tag","embeddable":true,"href":"https:\/\/www.unidroit.org\/fr\/wp-json\/wp\/v2\/tags?post=37999"}],"curies":[{"name":"wp","href":"https:\/\/api.w.org\/{rel}","templated":true}]}}