{"id":39245,"date":"2026-03-13T17:13:39","date_gmt":"2026-03-13T16:13:39","guid":{"rendered":"https:\/\/www.unidroit.org\/?p=39245"},"modified":"2026-03-13T17:16:43","modified_gmt":"2026-03-13T16:16:43","slug":"unidroit-renforce-sa-cooperation-avec-le-viet-nam","status":"publish","type":"post","link":"https:\/\/www.unidroit.org\/fr\/unidroit-renforce-sa-cooperation-avec-le-viet-nam\/","title":{"rendered":"UNIDROIT renforce sa coop\u00e9ration avec le Viet Nam"},"content":{"rendered":"<p style=\"text-align: justify;\">Le 3 mars 2026, une d\u00e9l\u00e9gation d\u2019UNIDROIT s\u2019est rendue au Minist\u00e8re des Finances du Viet Nam, o\u00f9 elle a rencontr\u00e9 Mme Trinh Thi Huong, Directrice g\u00e9n\u00e9rale adjointe, ainsi que son \u00e9quipe de l\u2019Agence pour le d\u00e9veloppement des entreprises priv\u00e9es et des coop\u00e9ratives (<em><i>Agency of Private Enterprise and Cooperatives Development<\/i><\/em>\u00a0(APED)). \u00c0 l\u2019occasion de cette r\u00e9union, l\u2019APED a pr\u00e9sent\u00e9 un aper\u00e7u des initiatives l\u00e9gislatives en cours au sein du Minist\u00e8re et des d\u00e9veloppements r\u00e9cents. UNIDROIT a pr\u00e9sent\u00e9 plusieurs de ses instruments juridiques et a discut\u00e9 de la mani\u00e8re dont ceux-ci pourraient soutenir ces efforts. L\u2019APED a manifest\u00e9 un int\u00e9r\u00eat particulier pour les Principes d\u2019UNIDROIT relatifs aux actifs num\u00e9riques et droit priv\u00e9, ainsi que pour les Lois types sur l\u2019affacturage et sur les r\u00e9c\u00e9piss\u00e9s d\u2019entrep\u00f4t. Les deux parties ont convenu de poursuivre le dialogue et d\u2019explorer les voies possibles pour une future coop\u00e9ration.<\/p>\n<p><img loading=\"lazy\" decoding=\"async\" class=\"size-medium wp-image-39181 aligncenter\" src=\"https:\/\/www.unidroit.org\/wp-content\/uploads\/2026\/03\/VIET-NAM-1-269x300.png\" alt=\"\" width=\"269\" height=\"300\" srcset=\"https:\/\/www.unidroit.org\/wp-content\/uploads\/2026\/03\/VIET-NAM-1-269x300.png 269w, https:\/\/www.unidroit.org\/wp-content\/uploads\/2026\/03\/VIET-NAM-1.png 437w\" sizes=\"auto, (max-width: 269px) 100vw, 269px\" \/><\/p>\n<p style=\"text-align: justify;\">Plus tard dans la journ\u00e9e, la d\u00e9l\u00e9gation d\u2019UNIDROIT s\u2019est rendue au Minist\u00e8re de la Justice du Viet Nam. Le Professeur Ignacio Tirado, Secr\u00e9taire G\u00e9n\u00e9ral, et Meiling Huang, Juriste principale, ont \u00e9t\u00e9 re\u00e7us par Mme Duong Thien Huong, Directrice G\u00e9n\u00e9rale adjointe du D\u00e9partement de la coop\u00e9ration internationale. Les discussions ont port\u00e9 sur les derniers d\u00e9veloppements concernant l\u2019avancement du processus d\u2019adh\u00e9sion du Vietnam \u00e0 UNIDROIT, ainsi que sur des initiatives de coop\u00e9ration potentielles, notamment des conf\u00e9rences acad\u00e9miques conjointes et des possibilit\u00e9s de bourses ou de stages au si\u00e8ge d\u2019UNIDROIT \u00e0 Rome. Les deux parties ont r\u00e9affirm\u00e9 leur engagement \u00e0 renforcer leurs relations bilat\u00e9rales et ont convenu de maintenir une communication active sur leur future coop\u00e9ration.<\/p>\n","protected":false},"excerpt":{"rendered":"<p>Le 3 mars 2026, une d\u00e9l\u00e9gation d\u2019UNIDROIT s\u2019est rendue au Minist\u00e8re des Finances du Viet Nam, o\u00f9 elle a rencontr\u00e9 Mme Trinh Thi Huong, Directrice g\u00e9n\u00e9rale adjointe, ainsi que son \u00e9quipe de l\u2019Agence pour le d\u00e9veloppement des entreprises priv\u00e9es et des coop\u00e9ratives (Agency of Private&nbsp;<a href=\"https:\/\/www.unidroit.org\/fr\/unidroit-renforce-sa-cooperation-avec-le-viet-nam\/\">&hellip;<\/a><\/p>\n","protected":false},"author":30,"featured_media":39179,"comment_status":"closed","ping_status":"open","sticky":false,"template":"","format":"standard","meta":{"ep_exclude_from_search":false,"footnotes":""},"categories":[79],"tags":[],"class_list":["post-39245","post","type-post","status-publish","format-standard","has-post-thumbnail","hentry","category-actualites","odd"],"_links":{"self":[{"href":"https:\/\/www.unidroit.org\/fr\/wp-json\/wp\/v2\/posts\/39245","targetHints":{"allow":["GET"]}}],"collection":[{"href":"https:\/\/www.unidroit.org\/fr\/wp-json\/wp\/v2\/posts"}],"about":[{"href":"https:\/\/www.unidroit.org\/fr\/wp-json\/wp\/v2\/types\/post"}],"author":[{"embeddable":true,"href":"https:\/\/www.unidroit.org\/fr\/wp-json\/wp\/v2\/users\/30"}],"replies":[{"embeddable":true,"href":"https:\/\/www.unidroit.org\/fr\/wp-json\/wp\/v2\/comments?post=39245"}],"version-history":[{"count":1,"href":"https:\/\/www.unidroit.org\/fr\/wp-json\/wp\/v2\/posts\/39245\/revisions"}],"predecessor-version":[{"id":39246,"href":"https:\/\/www.unidroit.org\/fr\/wp-json\/wp\/v2\/posts\/39245\/revisions\/39246"}],"wp:featuredmedia":[{"embeddable":true,"href":"https:\/\/www.unidroit.org\/fr\/wp-json\/wp\/v2\/media\/39179"}],"wp:attachment":[{"href":"https:\/\/www.unidroit.org\/fr\/wp-json\/wp\/v2\/media?parent=39245"}],"wp:term":[{"taxonomy":"category","embeddable":true,"href":"https:\/\/www.unidroit.org\/fr\/wp-json\/wp\/v2\/categories?post=39245"},{"taxonomy":"post_tag","embeddable":true,"href":"https:\/\/www.unidroit.org\/fr\/wp-json\/wp\/v2\/tags?post=39245"}],"curies":[{"name":"wp","href":"https:\/\/api.w.org\/{rel}","templated":true}]}}