{"id":39252,"date":"2026-03-13T17:32:58","date_gmt":"2026-03-13T16:32:58","guid":{"rendered":"https:\/\/www.unidroit.org\/?p=39252"},"modified":"2026-03-13T17:32:58","modified_gmt":"2026-03-13T16:32:58","slug":"unidroit-renforce-sa-cooperation-a-singapour-grace-a-un-programme-de-detachement","status":"publish","type":"post","link":"https:\/\/www.unidroit.org\/fr\/unidroit-renforce-sa-cooperation-a-singapour-grace-a-un-programme-de-detachement\/","title":{"rendered":"UNIDROIT renforce sa coop\u00e9ration \u00e0 Singapour gr\u00e2ce \u00e0 un Programme de d\u00e9tachement"},"content":{"rendered":"<p style=\"text-align: justify;\">Le 6 mars 2026, UNIDROIT a sign\u00e9 un Protocole d\u2019accord avec le Minist\u00e8re de la Justice de Singapour, marquant ainsi une \u00e9tape importante dans la mise en place d\u2019un Programme pilote de d\u00e9tachement de professionnels du droit bas\u00e9s \u00e0 Singapour aupr\u00e8s du Secr\u00e9tariat d\u2019UNIDROIT, dans le cadre de la contribution de Singapour \u00e0 UNIDROIT \u00e0 l\u2019occasion de son Centenaire en 2026. Le Protocole d\u2019accord a \u00e9t\u00e9 sign\u00e9 \u00e0 Singapour par le Professeur Ignacio Tirado, Secr\u00e9taire G\u00e9n\u00e9ral d\u2019UNIDROIT, et M. Colin Chow, Secr\u00e9taire adjoint charg\u00e9 des politiques au Minist\u00e8re de la Justice. UNIDROIT se r\u00e9jouit des efforts continus de Singapour et compte bien renforcer cette pr\u00e9cieuse collaboration dans les ann\u00e9es \u00e0 venir.<\/p>\n<p style=\"text-align: justify;\">Le m\u00eame jour, la d\u00e9l\u00e9gation d\u2019UNIDROIT a tenu des r\u00e9unions avec l\u2019<em><i>Asian Business Law Institute <\/i><\/em>(ABLI), une institution affili\u00e9e \u00e0 la <em><i>Singapore Academy of Law<\/i><\/em> (SAL). La d\u00e9l\u00e9gation \u00a0a \u00e9t\u00e9 accueillie par Mme Catherine Shen, Directrice adjointe principale de l\u2019ABLI. Cette r\u00e9union a renforc\u00e9 les liens entre les institutions et ouvert la voie \u00e0 une future coop\u00e9ration sur des questions d\u2019int\u00e9r\u00eat commun.<\/p>\n","protected":false},"excerpt":{"rendered":"<p>Le 6 mars 2026, UNIDROIT a sign\u00e9 un Protocole d\u2019accord avec le Minist\u00e8re de la Justice de Singapour, marquant ainsi une \u00e9tape importante dans la mise en place d\u2019un Programme pilote de d\u00e9tachement de professionnels du droit bas\u00e9s \u00e0 Singapour aupr\u00e8s du Secr\u00e9tariat d\u2019UNIDROIT, dans&nbsp;<a href=\"https:\/\/www.unidroit.org\/fr\/unidroit-renforce-sa-cooperation-a-singapour-grace-a-un-programme-de-detachement\/\">&hellip;<\/a><\/p>\n","protected":false},"author":30,"featured_media":39202,"comment_status":"closed","ping_status":"open","sticky":false,"template":"","format":"standard","meta":{"ep_exclude_from_search":false,"footnotes":""},"categories":[79],"tags":[],"class_list":["post-39252","post","type-post","status-publish","format-standard","has-post-thumbnail","hentry","category-actualites","odd"],"_links":{"self":[{"href":"https:\/\/www.unidroit.org\/fr\/wp-json\/wp\/v2\/posts\/39252","targetHints":{"allow":["GET"]}}],"collection":[{"href":"https:\/\/www.unidroit.org\/fr\/wp-json\/wp\/v2\/posts"}],"about":[{"href":"https:\/\/www.unidroit.org\/fr\/wp-json\/wp\/v2\/types\/post"}],"author":[{"embeddable":true,"href":"https:\/\/www.unidroit.org\/fr\/wp-json\/wp\/v2\/users\/30"}],"replies":[{"embeddable":true,"href":"https:\/\/www.unidroit.org\/fr\/wp-json\/wp\/v2\/comments?post=39252"}],"version-history":[{"count":1,"href":"https:\/\/www.unidroit.org\/fr\/wp-json\/wp\/v2\/posts\/39252\/revisions"}],"predecessor-version":[{"id":39253,"href":"https:\/\/www.unidroit.org\/fr\/wp-json\/wp\/v2\/posts\/39252\/revisions\/39253"}],"wp:featuredmedia":[{"embeddable":true,"href":"https:\/\/www.unidroit.org\/fr\/wp-json\/wp\/v2\/media\/39202"}],"wp:attachment":[{"href":"https:\/\/www.unidroit.org\/fr\/wp-json\/wp\/v2\/media?parent=39252"}],"wp:term":[{"taxonomy":"category","embeddable":true,"href":"https:\/\/www.unidroit.org\/fr\/wp-json\/wp\/v2\/categories?post=39252"},{"taxonomy":"post_tag","embeddable":true,"href":"https:\/\/www.unidroit.org\/fr\/wp-json\/wp\/v2\/tags?post=39252"}],"curies":[{"name":"wp","href":"https:\/\/api.w.org\/{rel}","templated":true}]}}