{"id":6245,"date":"2021-08-02T08:57:20","date_gmt":"2021-08-02T08:57:20","guid":{"rendered":"https:\/\/www.unidroit.org\/?p=6245"},"modified":"2021-09-07T08:16:24","modified_gmt":"2021-09-07T08:16:24","slug":"unidroit-et-la-declaration-des-ministres-de-la-culture-du-g20","status":"publish","type":"post","link":"https:\/\/www.unidroit.org\/fr\/unidroit-et-la-declaration-des-ministres-de-la-culture-du-g20\/","title":{"rendered":"UNIDROIT ET LA DECLARATION DES MINISTRES DE LA CULTURE DU G20"},"content":{"rendered":"<p>\u00c0 l\u2019occasion de la r\u00e9union des Ministres de la culture du G20, qui s\u2019est tenue \u00e0 Rome les 29 et 30 juillet 2021, la d\u00e9claration de Rome a \u00e9t\u00e9 adopt\u00e9e.<\/p>\n<p>Elle r\u00e9it\u00e8re, entre autres, l\u2019inqui\u00e9tude suscit\u00e9e par l\u2019augmentation du trafic illicite de biens culturels et appelle la communaut\u00e9 internationale \u00e0 prendre des mesures fortes et efficaces, notamment \u201cla ratification des conventions et accords internationaux pertinents et des progr\u00e8s dans le d\u00e9veloppement et l\u2019am\u00e9lioration de la mise en \u0153uvre des normes internationales, en \u00e9troite coop\u00e9ration avec les organisations internationales comp\u00e9tentes, dont l\u2019UNESCO, l\u2019ICCROM, l\u2019ICOM, l\u2019ICOMOS et UNIDROIT\u201d.<\/p>\n<p>-&gt;\u00a0<a href=\"https:\/\/www.unidroit.org\/%C3%80%20l'occasion%20de%20la%20r%C3%A9union%20des%20ministres%20de%20la%20culture%20du%20G20,%20qui%20s'est%20tenue%20%C3%A0%20Rome%20les%2029%20et%2030%20juillet%202021,%20la%20d%C3%A9claration%20de%20Rome%20a%20%C3%A9t%C3%A9%20adopt%C3%A9e.%20Elle%20r%C3%A9it%C3%A8re,%20entre%20autres,%20l'inqui%C3%A9tude%20suscit%C3%A9e%20par%20l'augmentation%20du%20trafic%20illicite%20de%20biens%20culturels%20et%20appelle%20la%20communaut%C3%A9%20internationale%20%C3%A0%20prendre%20des%20mesures%20%C3%A9nergiques%20et%20efficaces,%20notamment%20%22la%20ratification%20des%20conventions%20et%20accords%20internationaux%20pertinents%20et%20des%20progr%C3%A8s%20dans%20le%20d%C3%A9veloppement%20et%20l'am%C3%A9lioration%20de%20la%20mise%20en%20%C5%93uvre%20des%20normes%20internationales,%20en%20%C3%A9troite%20coop%C3%A9ration%20avec%20les%20organisations%20internationales%20comp%C3%A9tentes,%20dont%20l'UNESCO,%20l'ICCROM,%20l'ICOM,%20l'ICOMOS%20et%20UNIDROIT%22.\">D\u00e9claration de Rome des Ministres de la Culture du G20<\/a><\/p>\n<p>-&gt;\u00a0<a href=\"https:\/\/www.unidroit.org\/french\/conventions\/1995culturalproperty\/1995culturalproperty-f.pdf\">Convention d\u2019UNIDROIT sur les biens culturels vol\u00e9s ou illicitement export\u00e9s<\/a><\/p>\n<p><img loading=\"lazy\" decoding=\"async\" src=\"https:\/\/www.unidroit.org\/english\/news\/2021\/210729-cp-g20\/img02.png\" alt=\"img02\" width=\"104\" height=\"105\" \/><\/p>\n<p>&nbsp;<\/p>\n<p>&nbsp;<\/p>\n","protected":false},"excerpt":{"rendered":"<p>\u00c0 l\u2019occasion de la r\u00e9union des Ministres de la culture du G20, qui s\u2019est tenue \u00e0 Rome les 29 et 30 juillet 2021, la d\u00e9claration de Rome a \u00e9t\u00e9 adopt\u00e9e. Elle r\u00e9it\u00e8re, entre autres, l\u2019inqui\u00e9tude suscit\u00e9e par l\u2019augmentation du trafic illicite de biens culturels et&nbsp;<a href=\"https:\/\/www.unidroit.org\/fr\/unidroit-et-la-declaration-des-ministres-de-la-culture-du-g20\/\">&hellip;<\/a><\/p>\n","protected":false},"author":5,"featured_media":8842,"comment_status":"closed","ping_status":"closed","sticky":false,"template":"","format":"standard","meta":{"ep_exclude_from_search":false,"footnotes":""},"categories":[79],"tags":[],"class_list":["post-6245","post","type-post","status-publish","format-standard","has-post-thumbnail","hentry","category-actualites","odd"],"_links":{"self":[{"href":"https:\/\/www.unidroit.org\/fr\/wp-json\/wp\/v2\/posts\/6245","targetHints":{"allow":["GET"]}}],"collection":[{"href":"https:\/\/www.unidroit.org\/fr\/wp-json\/wp\/v2\/posts"}],"about":[{"href":"https:\/\/www.unidroit.org\/fr\/wp-json\/wp\/v2\/types\/post"}],"author":[{"embeddable":true,"href":"https:\/\/www.unidroit.org\/fr\/wp-json\/wp\/v2\/users\/5"}],"replies":[{"embeddable":true,"href":"https:\/\/www.unidroit.org\/fr\/wp-json\/wp\/v2\/comments?post=6245"}],"version-history":[{"count":0,"href":"https:\/\/www.unidroit.org\/fr\/wp-json\/wp\/v2\/posts\/6245\/revisions"}],"wp:featuredmedia":[{"embeddable":true,"href":"https:\/\/www.unidroit.org\/fr\/wp-json\/wp\/v2\/media\/8842"}],"wp:attachment":[{"href":"https:\/\/www.unidroit.org\/fr\/wp-json\/wp\/v2\/media?parent=6245"}],"wp:term":[{"taxonomy":"category","embeddable":true,"href":"https:\/\/www.unidroit.org\/fr\/wp-json\/wp\/v2\/categories?post=6245"},{"taxonomy":"post_tag","embeddable":true,"href":"https:\/\/www.unidroit.org\/fr\/wp-json\/wp\/v2\/tags?post=6245"}],"curies":[{"name":"wp","href":"https:\/\/api.w.org\/{rel}","templated":true}]}}