{"id":6287,"date":"2021-07-06T09:11:04","date_gmt":"2021-07-06T09:11:04","guid":{"rendered":"https:\/\/www.unidroit.org\/?p=6287"},"modified":"2021-09-07T08:23:38","modified_gmt":"2021-09-07T08:23:38","slug":"unidroit-participe-a-luniversite-dete-du-centre-du-droit-de-lart-et-de-la-chaire-unesco-en-droit-international-de-la-protection-des-biens-culturels-de-luniversite-de-geneve","status":"publish","type":"post","link":"https:\/\/www.unidroit.org\/fr\/unidroit-participe-a-luniversite-dete-du-centre-du-droit-de-lart-et-de-la-chaire-unesco-en-droit-international-de-la-protection-des-biens-culturels-de-luniversite-de-geneve\/","title":{"rendered":"UNIDROIT PARTICIPE A L&#8217;UNIVERSITE D&#8217;ETE DU CENTRE DU DROIT DE L\u2019ART ET DE LA CHAIRE UNESCO EN DROIT INTERNATIONAL DE LA PROTECTION DES BIENS CULTURELS DE L\u2019UNIVERSITE DE GENEVE"},"content":{"rendered":"<p>Le 23 juin 2021, Mme Marina Schneider, Juriste principale et D\u00e9positaire des trait\u00e9s \u00e0 UNIDROIT, a particip\u00e9 \u00e0 l\u2019\u00e9dition 2021 de l\u2019Universit\u00e9 d\u2019\u00e9t\u00e9 du Centre du droit de l\u2019art et de la Chaire UNESCO en droit international de la protection des biens culturels de l\u2019Universit\u00e9 de Gen\u00e8ve.<\/p>\n<p>Avec Mme Zeynep Boz, Chef de d\u00e9partement au Minist\u00e8re de la Culture et du Tourisme, Direction g\u00e9n\u00e9rale du patrimoine culturel et des mus\u00e9es, D\u00e9partement de la lutte contre le trafic illicite de la R\u00e9publique de Turquie, elles ont pr\u00e9sent\u00e9 \u201cla lutte contre le trafic illicite par le biais des lois nationales et des instruments internationaux\u201d.<\/p>\n<p><a class=\"jcepopup jcemediabox-image\" href=\"https:\/\/www.unidroit.org\/english\/news\/2021\/210623-cp-summerschool-univ-geneva\/img02.png\" data-mediabox=\"1\"><img loading=\"lazy\" decoding=\"async\" src=\"https:\/\/www.unidroit.org\/english\/news\/2021\/210623-cp-summerschool-univ-geneva\/img02.png\" alt=\"img02\" width=\"250\" height=\"115\" \/><\/a><\/p>\n<p>L\u2019Universit\u00e9 d\u2019\u00e9t\u00e9 vise \u00e0 d\u00e9velopper la sensibilisation et la compr\u00e9hension g\u00e9n\u00e9rale des \u00e9tudiants sur les principaux th\u00e8mes de fond du droit international du patrimoine culturel, \u00e0 savoir: le commerce des biens culturels; la restitution des \u0153uvres d\u2019art vol\u00e9es ou pill\u00e9es ou encore la protection des biens culturels en cas de conflit arm\u00e9. UNIDROIT a particip\u00e9 \u00e0 l\u2019\u00e9dition 2021 en tant qu\u2019activit\u00e9 de son Projet acad\u00e9mique de la Convention d\u2019UNIDROIT (UCAP).<\/p>\n<p>L\u2019\u00e9ducation est un outil essentiel pour la protection des biens culturels et la lutte contre le trafic illicite. UCAP a pour but d\u2019accro\u00eetre la sensibilisation et la connaissance de la Convention d\u2019UNIDROIT de 1995 sur les biens culturels vol\u00e9s ou illicitement export\u00e9s, son objectif principal \u00e9tant de promouvoir un environnement juridique favorable \u00e0 la restitution et au retour des biens culturels vol\u00e9s ou illicitement export\u00e9s par le partage et la diffusion des connaissances. UCAP offre \u00e9galement l\u2019occasion d\u2019\u00e9valuer l\u2019importance, les caract\u00e9ristiques distinctives et les aspects op\u00e9rationnels de la Convention de 1995 et son interaction avec d\u2019autres instruments r\u00e9gionaux et internationaux.<\/p>\n<p>La pr\u00e9sentation \u00e9tait divis\u00e9e en trois parties\u2019: une br\u00e8ve introduction sur l\u2019interaction entre les lois nationales et les instruments internationaux, une pr\u00e9sentation pratique de la Convention de l\u2019UNESCO de 1970 concernant les mesures \u00e0 prendre pour interdire et emp\u00eacher l&#8217;importation, l&#8217;exportation et le transfert de propri\u00e9t\u00e9 illicites des biens culturels par Mme Boz et une pr\u00e9sentation de la Convention d\u2019UNIDROIT de 1995 sur les biens culturels vol\u00e9s ou illicitement export\u00e9s par Mme Schneider, avec une interaction anim\u00e9e avec les \u00e9tudiants participants.<\/p>\n<p>-&gt; Pour en savoir davantage sur le\u00a0<a href=\"https:\/\/1995unidroitcap.org\/\" target=\"_blank\" rel=\"noopener\">Projet acad\u00e9mique de la Convention d\u2019UNIDROIT (UCAP)<\/a><\/p>\n<p>-&gt; Pour en savoir davantage sur la\u00a0<a href=\"https:\/\/www.unige.ch\/genevasummerschools\/programme\/courses\/international-cultural-heritage-law\" target=\"_blank\" rel=\"noopener\">Summerschool of the Art-Law Centre and the UNESCO<br \/>\nChair in the International Law of the Protection of Cultural Heritage of the University of Geneva<\/a><\/p>\n<p>-&gt;\u00a0<a href=\"https:\/\/www.unige.ch\/genevasummerschools\/programme\/courses\/international-cultural-heritage-law\" target=\"_blank\" rel=\"noopener\">Voir le programme de l\u2019\u00e9dition 2021<\/a><\/p>\n<p><img loading=\"lazy\" decoding=\"async\" src=\"https:\/\/www.unidroit.org\/english\/news\/2021\/210623-cp-summerschool-univ-geneva\/img03.png\" alt=\"img03\" width=\"550\" height=\"331\" \/><\/p>\n<p>&nbsp;<\/p>\n<p>&nbsp;<\/p>\n","protected":false},"excerpt":{"rendered":"<p>Le 23 juin 2021, Mme Marina Schneider, Juriste principale et D\u00e9positaire des trait\u00e9s \u00e0 UNIDROIT, a particip\u00e9 \u00e0 l\u2019\u00e9dition 2021 de l\u2019Universit\u00e9 d\u2019\u00e9t\u00e9 du Centre du droit de l\u2019art et de la Chaire UNESCO en droit international de la protection des biens culturels de l\u2019Universit\u00e9&nbsp;<a href=\"https:\/\/www.unidroit.org\/fr\/unidroit-participe-a-luniversite-dete-du-centre-du-droit-de-lart-et-de-la-chaire-unesco-en-droit-international-de-la-protection-des-biens-culturels-de-luniversite-de-geneve\/\">&hellip;<\/a><\/p>\n","protected":false},"author":5,"featured_media":8849,"comment_status":"closed","ping_status":"closed","sticky":false,"template":"","format":"standard","meta":{"ep_exclude_from_search":false,"footnotes":""},"categories":[79],"tags":[],"class_list":["post-6287","post","type-post","status-publish","format-standard","has-post-thumbnail","hentry","category-actualites","odd"],"_links":{"self":[{"href":"https:\/\/www.unidroit.org\/fr\/wp-json\/wp\/v2\/posts\/6287","targetHints":{"allow":["GET"]}}],"collection":[{"href":"https:\/\/www.unidroit.org\/fr\/wp-json\/wp\/v2\/posts"}],"about":[{"href":"https:\/\/www.unidroit.org\/fr\/wp-json\/wp\/v2\/types\/post"}],"author":[{"embeddable":true,"href":"https:\/\/www.unidroit.org\/fr\/wp-json\/wp\/v2\/users\/5"}],"replies":[{"embeddable":true,"href":"https:\/\/www.unidroit.org\/fr\/wp-json\/wp\/v2\/comments?post=6287"}],"version-history":[{"count":0,"href":"https:\/\/www.unidroit.org\/fr\/wp-json\/wp\/v2\/posts\/6287\/revisions"}],"wp:featuredmedia":[{"embeddable":true,"href":"https:\/\/www.unidroit.org\/fr\/wp-json\/wp\/v2\/media\/8849"}],"wp:attachment":[{"href":"https:\/\/www.unidroit.org\/fr\/wp-json\/wp\/v2\/media?parent=6287"}],"wp:term":[{"taxonomy":"category","embeddable":true,"href":"https:\/\/www.unidroit.org\/fr\/wp-json\/wp\/v2\/categories?post=6287"},{"taxonomy":"post_tag","embeddable":true,"href":"https:\/\/www.unidroit.org\/fr\/wp-json\/wp\/v2\/tags?post=6287"}],"curies":[{"name":"wp","href":"https:\/\/api.w.org\/{rel}","templated":true}]}}