{"id":6305,"date":"2021-06-04T09:17:45","date_gmt":"2021-06-04T09:17:45","guid":{"rendered":"https:\/\/www.unidroit.org\/?p=6305"},"modified":"2021-09-07T08:26:58","modified_gmt":"2021-09-07T08:26:58","slug":"unidroit-pour-la-journee-mondiale-de-lenvironnement","status":"publish","type":"post","link":"https:\/\/www.unidroit.org\/fr\/unidroit-pour-la-journee-mondiale-de-lenvironnement\/","title":{"rendered":"UNIDROIT POUR LA JOURNEE MONDIALE DE L&#8217;ENVIRONNEMENT"},"content":{"rendered":"<p>En cette Journ\u00e9e mondiale de l\u2019environnement et pour GenerationRestoration 2021, UNIDROIT tient \u00e0 rappeler ses efforts pour d\u00e9velopper des instruments de droit international priv\u00e9 qui tiennent compte des enjeux environnementaux.<\/p>\n<p>Ainsi, le Protocole portant sur les questions sp\u00e9cifiques aux mat\u00e9riels d&#8217;\u00e9quipement miniers, agricoles et de construction \u00e0 la Convention relative aux garanties internationales portant sur des mat\u00e9riels d&#8217;\u00e9quipement mobiles (le Protocole MAC) permet un meilleur acc\u00e8s au cr\u00e9dit \u00e0 de meilleures conditions, et \u00a0il pourrait faire l\u2019objet d&#8217;une plate-forme fiable pour des investissements verts dans des \u00e9quipements modernes et \u00e9cologiques. Cela pourrait permettre la remise en \u00e9tat des sites contamin\u00e9s, la remise en \u00e9tat des terres, ainsi que la r\u00e9duction de l&#8217;empreinte carbone de toute activit\u00e9 MAC, et contribuerait ainsi non seulement \u00e0 la lutte contre le changement climatique, mais aussi \u00e0 la restauration d\u2019\u00e9cosyst\u00e8mes.<\/p>\n<p>Le Guide juridique sur les contrats d&#8217;investissement en terres agricoles (le Guide ALIC) analyse la mani\u00e8re dont les contrats priv\u00e9s peuvent renforcer les contraintes environnementales d\u00e9j\u00e0 requises par les lois nationales et internationales, comme celle de financer le co\u00fbt de la r\u00e9habilitation des \u00e9cosyst\u00e8mes au moment de la cl\u00f4ture du projet d&#8217;investissement.<\/p>\n<p>&nbsp;<\/p>\n","protected":false},"excerpt":{"rendered":"<p>En cette Journ\u00e9e mondiale de l\u2019environnement et pour GenerationRestoration 2021, UNIDROIT tient \u00e0 rappeler ses efforts pour d\u00e9velopper des instruments de droit international priv\u00e9 qui tiennent compte des enjeux environnementaux. Ainsi, le Protocole portant sur les questions sp\u00e9cifiques aux mat\u00e9riels d&#8217;\u00e9quipement miniers, agricoles et de&nbsp;<a href=\"https:\/\/www.unidroit.org\/fr\/unidroit-pour-la-journee-mondiale-de-lenvironnement\/\">&hellip;<\/a><\/p>\n","protected":false},"author":5,"featured_media":8857,"comment_status":"closed","ping_status":"closed","sticky":false,"template":"","format":"standard","meta":{"ep_exclude_from_search":false,"footnotes":""},"categories":[79,199,226],"tags":[],"class_list":["post-6305","post","type-post","status-publish","format-standard","has-post-thumbnail","hentry","category-actualites","category-agricultural-land-investment-contracts-fr","category-mac-protocol-2-fr","odd"],"_links":{"self":[{"href":"https:\/\/www.unidroit.org\/fr\/wp-json\/wp\/v2\/posts\/6305","targetHints":{"allow":["GET"]}}],"collection":[{"href":"https:\/\/www.unidroit.org\/fr\/wp-json\/wp\/v2\/posts"}],"about":[{"href":"https:\/\/www.unidroit.org\/fr\/wp-json\/wp\/v2\/types\/post"}],"author":[{"embeddable":true,"href":"https:\/\/www.unidroit.org\/fr\/wp-json\/wp\/v2\/users\/5"}],"replies":[{"embeddable":true,"href":"https:\/\/www.unidroit.org\/fr\/wp-json\/wp\/v2\/comments?post=6305"}],"version-history":[{"count":0,"href":"https:\/\/www.unidroit.org\/fr\/wp-json\/wp\/v2\/posts\/6305\/revisions"}],"wp:featuredmedia":[{"embeddable":true,"href":"https:\/\/www.unidroit.org\/fr\/wp-json\/wp\/v2\/media\/8857"}],"wp:attachment":[{"href":"https:\/\/www.unidroit.org\/fr\/wp-json\/wp\/v2\/media?parent=6305"}],"wp:term":[{"taxonomy":"category","embeddable":true,"href":"https:\/\/www.unidroit.org\/fr\/wp-json\/wp\/v2\/categories?post=6305"},{"taxonomy":"post_tag","embeddable":true,"href":"https:\/\/www.unidroit.org\/fr\/wp-json\/wp\/v2\/tags?post=6305"}],"curies":[{"name":"wp","href":"https:\/\/api.w.org\/{rel}","templated":true}]}}