{"id":6349,"date":"2021-05-07T09:29:17","date_gmt":"2021-05-07T09:29:17","guid":{"rendered":"https:\/\/www.unidroit.org\/?p=6349"},"modified":"2021-09-07T08:39:27","modified_gmt":"2021-09-07T08:39:27","slug":"lancement-du-livre-intitule-choice-of-law-in-international-commercial-contracts","status":"publish","type":"post","link":"https:\/\/www.unidroit.org\/fr\/lancement-du-livre-intitule-choice-of-law-in-international-commercial-contracts\/","title":{"rendered":"LANCEMENT DU LIVRE INTITUL\u00c9 \u201cCHOICE OF LAW IN INTERNATIONAL COMMERCIAL CONTRACTS\u201d"},"content":{"rendered":"<p>Le 4 mai 2021, la Secr\u00e9taire G\u00e9n\u00e9rale adjointe Anna Veneziano a repr\u00e9sent\u00e9 UNIDROIT lors du lancement du livre \u201cChoice of Law in International Commercial Contracts\u201d(Oxford University Press, 2021), aux c\u00f4t\u00e9s de Christophe Bernasconi, Secr\u00e9taire G\u00e9n\u00e9ral de la Conf\u00e9rence de La Haye, de Jo\u00e3o Ribeiro-Bidaoui, Premier Secr\u00e9taire de la Conf\u00e9rence de La Haye et de Luca Castellani, juriste \u00e0 la CNUDCI.<\/p>\n<p>L\u2019\u00e9v\u00e9nement virtuel en direct a \u00e9t\u00e9 organis\u00e9 pour discuter du droit et de la pratique en mati\u00e8re de choix de la loi applicable dans le monde entier. Des pr\u00e9sentations ont \u00e9t\u00e9 faites par les r\u00e9dacteurs g\u00e9n\u00e9raux Daniel Girsberger, Thomas Kadner Graziano et Jan L Neels, par des r\u00e9dacteurs r\u00e9gionaux et sp\u00e9ciaux Andrew Dickinson, B\u00e9ligh Elbalti, Eesa A Fredericks, Lauro Gama, Brooke Marshall, Jos\u00e9 A Moreno Rodr\u00edguez, Yuko Nishitani, Marta Perteg\u00e1s, Genevi\u00e8ve Saumier et par la r\u00e9dactrice associ\u00e9e Agatha Brand\u00e3o.<\/p>\n<p>-&gt; Lien vers le\u00a0<a href=\"https:\/\/www.unidroit.org\/english\/news\/2021\/210504-choice-law-int-comm-contr\/programme.pdf\">Programme<\/a><\/p>\n<p><a class=\"jcepopup jcemediabox-image\" href=\"https:\/\/www.unidroit.org\/english\/news\/2021\/210504-choice-law-int-comm-contr\/img02.jpg\" data-mediabox=\"1\"><img loading=\"lazy\" decoding=\"async\" src=\"https:\/\/www.unidroit.org\/english\/news\/2021\/210504-choice-law-int-comm-contr\/img02.jpg\" alt=\"img02\" width=\"480\" height=\"300\" \/><\/a><\/p>\n<p>&nbsp;<\/p>\n<p>&nbsp;<\/p>\n<p>&nbsp;<\/p>\n","protected":false},"excerpt":{"rendered":"<p>Le 4 mai 2021, la Secr\u00e9taire G\u00e9n\u00e9rale adjointe Anna Veneziano a repr\u00e9sent\u00e9 UNIDROIT lors du lancement du livre \u201cChoice of Law in International Commercial Contracts\u201d(Oxford University Press, 2021), aux c\u00f4t\u00e9s de Christophe Bernasconi, Secr\u00e9taire G\u00e9n\u00e9ral de la Conf\u00e9rence de La Haye, de Jo\u00e3o Ribeiro-Bidaoui, Premier&nbsp;<a href=\"https:\/\/www.unidroit.org\/fr\/lancement-du-livre-intitule-choice-of-law-in-international-commercial-contracts\/\">&hellip;<\/a><\/p>\n","protected":false},"author":5,"featured_media":8873,"comment_status":"closed","ping_status":"closed","sticky":false,"template":"","format":"standard","meta":{"ep_exclude_from_search":false,"footnotes":""},"categories":[79,127],"tags":[],"class_list":["post-6349","post","type-post","status-publish","format-standard","has-post-thumbnail","hentry","category-actualites","category-contrats","odd"],"_links":{"self":[{"href":"https:\/\/www.unidroit.org\/fr\/wp-json\/wp\/v2\/posts\/6349","targetHints":{"allow":["GET"]}}],"collection":[{"href":"https:\/\/www.unidroit.org\/fr\/wp-json\/wp\/v2\/posts"}],"about":[{"href":"https:\/\/www.unidroit.org\/fr\/wp-json\/wp\/v2\/types\/post"}],"author":[{"embeddable":true,"href":"https:\/\/www.unidroit.org\/fr\/wp-json\/wp\/v2\/users\/5"}],"replies":[{"embeddable":true,"href":"https:\/\/www.unidroit.org\/fr\/wp-json\/wp\/v2\/comments?post=6349"}],"version-history":[{"count":0,"href":"https:\/\/www.unidroit.org\/fr\/wp-json\/wp\/v2\/posts\/6349\/revisions"}],"wp:featuredmedia":[{"embeddable":true,"href":"https:\/\/www.unidroit.org\/fr\/wp-json\/wp\/v2\/media\/8873"}],"wp:attachment":[{"href":"https:\/\/www.unidroit.org\/fr\/wp-json\/wp\/v2\/media?parent=6349"}],"wp:term":[{"taxonomy":"category","embeddable":true,"href":"https:\/\/www.unidroit.org\/fr\/wp-json\/wp\/v2\/categories?post=6349"},{"taxonomy":"post_tag","embeddable":true,"href":"https:\/\/www.unidroit.org\/fr\/wp-json\/wp\/v2\/tags?post=6349"}],"curies":[{"name":"wp","href":"https:\/\/api.w.org\/{rel}","templated":true}]}}