{"id":6439,"date":"2021-03-19T09:51:38","date_gmt":"2021-03-19T09:51:38","guid":{"rendered":"https:\/\/www.unidroit.org\/?p=6439"},"modified":"2021-09-03T10:14:04","modified_gmt":"2021-09-03T10:14:04","slug":"les-etats-membres-de-la-cedeao-se-reunissent-pour-faire-le-point-sur-la-ratification-de-la-convention-dunidroit-de-1995","status":"publish","type":"post","link":"https:\/\/www.unidroit.org\/fr\/les-etats-membres-de-la-cedeao-se-reunissent-pour-faire-le-point-sur-la-ratification-de-la-convention-dunidroit-de-1995\/","title":{"rendered":"LES ETATS MEMBRES DE LA CEDEAO SE REUNISSENT POUR FAIRE LE POINT SUR LA RATIFICATION DE LA CONVENTION D\u2019UNIDROIT DE 1995"},"content":{"rendered":"<p><img loading=\"lazy\" decoding=\"async\" src=\"https:\/\/www.unidroit.org\/english\/news\/2021\/210318-cp-cedeao\/img05.png\" alt=\"img05\" width=\"180\" height=\"107\" \/>La Commission de la Communaut\u00e9 \u00c9conomique des \u00c9tats de l\u2019Afrique de l\u2019Ouest (CEDEAO) a organis\u00e9, le jeudi 18 mars 2021, une rencontre virtuelle des Directeurs G\u00e9n\u00e9raux en charge du Patrimoine Culturel des \u00c9tats membres,&#8230;<\/p>\n<p><a href=\"https:\/\/www.ecowas.int\/restitution-du-patrimoine-et-des-biens-culturels-a-leurs-pays-dorigine-les-etats-membres-de-la-cedeao-font-le-point-de-la-ratification-des-textes-internationaux\/?lang=fr\" target=\"_blank\" rel=\"noopener\"><img loading=\"lazy\" decoding=\"async\" src=\"https:\/\/www.unidroit.org\/english\/news\/2021\/210318-cp-cedeao\/img01.png\" alt=\"img01\" width=\"200\" height=\"102\" \/><\/a>&#8230; afin de faire une revue des textes juridiques des \u00c9tats membres devant leur permettre d\u2019acc\u00e9l\u00e9rer les d\u00e9marches de ratification des textes internationaux en lien avec la restitution et le retour des biens culturels, dont la Convention d\u2019UNIDROIT de 1995 sur les biens culturels vol\u00e9s ou illicitement export\u00e9s.<\/p>\n<p>&nbsp;<\/p>\n<table>\n<tbody>\n<tr>\n<td>\u00a0<a class=\"jcepopup jcemediabox-image\" href=\"https:\/\/www.unidroit.org\/english\/news\/2021\/210318-cp-cedeao\/img06.png\" data-mediabox=\"1\" data-mediabox-title=\"Mamadou Traor\u00e9, Commissaire en charge de l\u2019Industrie et de la Promotion du Secteur Priv\u00e9 de la Commission de la CEDEAO.\"><img loading=\"lazy\" decoding=\"async\" src=\"https:\/\/www.unidroit.org\/english\/news\/2021\/210318-cp-cedeao\/img06.png\" alt=\"img06\" width=\"254\" height=\"150\" \/><\/a><\/td>\n<td><\/td>\n<td>\u00a0<a class=\"jcepopup jcemediabox-image\" href=\"https:\/\/www.unidroit.org\/english\/news\/2021\/210318-cp-cedeao\/img07.png\" data-mediabox=\"1\"><img loading=\"lazy\" decoding=\"async\" src=\"https:\/\/www.unidroit.org\/english\/news\/2021\/210318-cp-cedeao\/img07.png\" alt=\"img07\" width=\"267\" height=\"150\" \/><\/a><\/td>\n<\/tr>\n<\/tbody>\n<\/table>\n<p><a class=\"jcepopup jcemediabox-image\" href=\"https:\/\/www.unidroit.org\/english\/news\/2021\/210318-cp-cedeao\/img08.jpg\" data-mediabox=\"1\"><img loading=\"lazy\" decoding=\"async\" src=\"https:\/\/www.unidroit.org\/english\/news\/2021\/210318-cp-cedeao\/img08.jpg\" alt=\"img08\" width=\"535\" height=\"270\" \/><\/a><\/p>\n<p>&nbsp;<\/p>\n<p>&nbsp;<\/p>\n","protected":false},"excerpt":{"rendered":"<p>La Commission de la Communaut\u00e9 \u00c9conomique des \u00c9tats de l\u2019Afrique de l\u2019Ouest (CEDEAO) a organis\u00e9, le jeudi 18 mars 2021, une rencontre virtuelle des Directeurs G\u00e9n\u00e9raux en charge du Patrimoine Culturel des \u00c9tats membres,&#8230; &#8230; afin de faire une revue des textes juridiques des \u00c9tats&nbsp;<a href=\"https:\/\/www.unidroit.org\/fr\/les-etats-membres-de-la-cedeao-se-reunissent-pour-faire-le-point-sur-la-ratification-de-la-convention-dunidroit-de-1995\/\">&hellip;<\/a><\/p>\n","protected":false},"author":5,"featured_media":8909,"comment_status":"open","ping_status":"open","sticky":false,"template":"","format":"standard","meta":{"ep_exclude_from_search":false,"footnotes":""},"categories":[79],"tags":[],"class_list":["post-6439","post","type-post","status-publish","format-standard","has-post-thumbnail","hentry","category-actualites","odd"],"_links":{"self":[{"href":"https:\/\/www.unidroit.org\/fr\/wp-json\/wp\/v2\/posts\/6439","targetHints":{"allow":["GET"]}}],"collection":[{"href":"https:\/\/www.unidroit.org\/fr\/wp-json\/wp\/v2\/posts"}],"about":[{"href":"https:\/\/www.unidroit.org\/fr\/wp-json\/wp\/v2\/types\/post"}],"author":[{"embeddable":true,"href":"https:\/\/www.unidroit.org\/fr\/wp-json\/wp\/v2\/users\/5"}],"replies":[{"embeddable":true,"href":"https:\/\/www.unidroit.org\/fr\/wp-json\/wp\/v2\/comments?post=6439"}],"version-history":[{"count":0,"href":"https:\/\/www.unidroit.org\/fr\/wp-json\/wp\/v2\/posts\/6439\/revisions"}],"wp:featuredmedia":[{"embeddable":true,"href":"https:\/\/www.unidroit.org\/fr\/wp-json\/wp\/v2\/media\/8909"}],"wp:attachment":[{"href":"https:\/\/www.unidroit.org\/fr\/wp-json\/wp\/v2\/media?parent=6439"}],"wp:term":[{"taxonomy":"category","embeddable":true,"href":"https:\/\/www.unidroit.org\/fr\/wp-json\/wp\/v2\/categories?post=6439"},{"taxonomy":"post_tag","embeddable":true,"href":"https:\/\/www.unidroit.org\/fr\/wp-json\/wp\/v2\/tags?post=6439"}],"curies":[{"name":"wp","href":"https:\/\/api.w.org\/{rel}","templated":true}]}}