{"id":6455,"date":"2021-02-16T09:57:32","date_gmt":"2021-02-16T09:57:32","guid":{"rendered":"https:\/\/www.unidroit.org\/?p=6455"},"modified":"2021-09-07T09:48:08","modified_gmt":"2021-09-07T09:48:08","slug":"presentation-du-projet-dunidroit-sur-les-actifs-numeriques-et-le-droit-prive-lors-de-la-semaine-de-la-digitalisation","status":"publish","type":"post","link":"https:\/\/www.unidroit.org\/fr\/presentation-du-projet-dunidroit-sur-les-actifs-numeriques-et-le-droit-prive-lors-de-la-semaine-de-la-digitalisation\/","title":{"rendered":"PRESENTATION DU PROJET D\u2019UNIDROIT SUR LES ACTIFS NUMERIQUES ET LE DROIT PRIVE LORS DE LA SEMAINE DE LA DIGITALISATION"},"content":{"rendered":"<p>Le 12 f\u00e9vrier, Carlo di Nicola (Fonctionnaire juridique, UNIDROIT) et Hamza Hameed (Consultant, UNIDROIT) ont pr\u00e9sent\u00e9 le Projet d\u2019UNIDROIT sur les Actifs num\u00e9riques et le droit priv\u00e9 lors de la Semaine de la Digitalisation organis\u00e9e par l\u2019Universit\u00e9 de Lausanne.<\/p>\n<p>Plus de 60 \u00e9tudiants y ont particip\u00e9.<\/p>\n<p>&gt;&gt;&gt;\u00a0<a href=\"https:\/\/wp.unil.ch\/digiweek-fdca\/\" target=\"_blank\" rel=\"noopener\">Pour en savoir plus sue la Semaine de la Digitalisation<\/a><\/p>\n<p>&gt;&gt;&gt;\u00a0<a href=\"https:\/\/www.unidroit.org\/fr\/current-studies-fr\/actifs-numeriques\">Pour en savoir plus sur le Projet d\u2019UNIDROIT sur les Actifs num\u00e9riques et le droit priv\u00e9<\/a><\/p>\n<p><a class=\"jcepopup jcemediabox-image\" href=\"https:\/\/www.unidroit.org\/english\/news\/2021\/210212-digital-assets-digiweek\/img02.png\" data-mediabox=\"1\"><img loading=\"lazy\" decoding=\"async\" src=\"https:\/\/www.unidroit.org\/english\/news\/2021\/210212-digital-assets-digiweek\/img02.png\" alt=\"img02\" width=\"520\" height=\"250\" \/><\/a><\/p>\n<p>&nbsp;<\/p>\n<p>&nbsp;<\/p>\n","protected":false},"excerpt":{"rendered":"<p>Le 12 f\u00e9vrier, Carlo di Nicola (Fonctionnaire juridique, UNIDROIT) et Hamza Hameed (Consultant, UNIDROIT) ont pr\u00e9sent\u00e9 le Projet d\u2019UNIDROIT sur les Actifs num\u00e9riques et le droit priv\u00e9 lors de la Semaine de la Digitalisation organis\u00e9e par l\u2019Universit\u00e9 de Lausanne. Plus de 60 \u00e9tudiants y ont&nbsp;<a href=\"https:\/\/www.unidroit.org\/fr\/presentation-du-projet-dunidroit-sur-les-actifs-numeriques-et-le-droit-prive-lors-de-la-semaine-de-la-digitalisation\/\">&hellip;<\/a><\/p>\n","protected":false},"author":5,"featured_media":8914,"comment_status":"closed","ping_status":"closed","sticky":false,"template":"","format":"standard","meta":{"ep_exclude_from_search":false,"footnotes":""},"categories":[79,213,214],"tags":[],"class_list":["post-6455","post","type-post","status-publish","format-standard","has-post-thumbnail","hentry","category-actualites","category-digital-assets-private-law-fr","category-law-technology-fr","odd"],"_links":{"self":[{"href":"https:\/\/www.unidroit.org\/fr\/wp-json\/wp\/v2\/posts\/6455","targetHints":{"allow":["GET"]}}],"collection":[{"href":"https:\/\/www.unidroit.org\/fr\/wp-json\/wp\/v2\/posts"}],"about":[{"href":"https:\/\/www.unidroit.org\/fr\/wp-json\/wp\/v2\/types\/post"}],"author":[{"embeddable":true,"href":"https:\/\/www.unidroit.org\/fr\/wp-json\/wp\/v2\/users\/5"}],"replies":[{"embeddable":true,"href":"https:\/\/www.unidroit.org\/fr\/wp-json\/wp\/v2\/comments?post=6455"}],"version-history":[{"count":0,"href":"https:\/\/www.unidroit.org\/fr\/wp-json\/wp\/v2\/posts\/6455\/revisions"}],"wp:featuredmedia":[{"embeddable":true,"href":"https:\/\/www.unidroit.org\/fr\/wp-json\/wp\/v2\/media\/8914"}],"wp:attachment":[{"href":"https:\/\/www.unidroit.org\/fr\/wp-json\/wp\/v2\/media?parent=6455"}],"wp:term":[{"taxonomy":"category","embeddable":true,"href":"https:\/\/www.unidroit.org\/fr\/wp-json\/wp\/v2\/categories?post=6455"},{"taxonomy":"post_tag","embeddable":true,"href":"https:\/\/www.unidroit.org\/fr\/wp-json\/wp\/v2\/tags?post=6455"}],"curies":[{"name":"wp","href":"https:\/\/api.w.org\/{rel}","templated":true}]}}