{"id":6459,"date":"2021-02-16T09:58:33","date_gmt":"2021-02-16T09:58:33","guid":{"rendered":"https:\/\/www.unidroit.org\/?p=6459"},"modified":"2021-09-07T09:49:10","modified_gmt":"2021-09-07T09:49:10","slug":"presentation-du-protocole-spatial-lors-dun-seminaire-international-dune-journee-sur-la-privatisation-du-secteur-spatial-en-inde","status":"publish","type":"post","link":"https:\/\/www.unidroit.org\/fr\/presentation-du-protocole-spatial-lors-dun-seminaire-international-dune-journee-sur-la-privatisation-du-secteur-spatial-en-inde\/","title":{"rendered":"PRESENTATION DU PROTOCOLE SPATIAL LORS D\u2019UN SEMINAIRE INTERNATIONAL D\u2019UNE JOURNEE SUR LA PRIVATISATION DU SECTEUR SPATIAL EN INDE"},"content":{"rendered":"<p>Le 6 f\u00e9vrier 2021, M. Hamza Hameed (Consultant, UNIDROIT) a prononc\u00e9 un discours inaugural intitul\u00e9 \u201cImportance d\u2019un syst\u00e8me uniforme de droit des op\u00e9rations garanties afin de promouvoir le financement sur actif dans le secteur spatial\u201d lors du s\u00e9minaire international d\u2019une journ\u00e9e sur la privatisation du secteur spatial en Inde &#8211; Questions et d\u00e9fis, organis\u00e9 par la Symbiosis Law School, Hyderabad, Inde.<\/p>\n<p>Au nombre des intervenants du m\u00eame panel on comptait Ricky Lee, Atilla Sipos, Akansha Marwah, Deva Prasad et Upsana Dasgupta. Le s\u00e9minaire a r\u00e9uni plus de 50 participants.<\/p>\n<p>Pour le programme complet de la conf\u00e9rence, cliquer\u00a0<a href=\"https:\/\/www.unidroit.org\/english\/news\/2021\/210206-ctc-space-india\/programme-e.pdf\">ici<\/a>.<\/p>\n<p>&nbsp;<\/p>\n","protected":false},"excerpt":{"rendered":"<p>Le 6 f\u00e9vrier 2021, M. Hamza Hameed (Consultant, UNIDROIT) a prononc\u00e9 un discours inaugural intitul\u00e9 \u201cImportance d\u2019un syst\u00e8me uniforme de droit des op\u00e9rations garanties afin de promouvoir le financement sur actif dans le secteur spatial\u201d lors du s\u00e9minaire international d\u2019une journ\u00e9e sur la privatisation du&nbsp;<a href=\"https:\/\/www.unidroit.org\/fr\/presentation-du-protocole-spatial-lors-dun-seminaire-international-dune-journee-sur-la-privatisation-du-secteur-spatial-en-inde\/\">&hellip;<\/a><\/p>\n","protected":false},"author":5,"featured_media":9062,"comment_status":"closed","ping_status":"closed","sticky":false,"template":"","format":"standard","meta":{"ep_exclude_from_search":false,"footnotes":""},"categories":[79,206,207],"tags":[],"class_list":["post-6459","post","type-post","status-publish","format-standard","has-post-thumbnail","hentry","category-actualites","category-secured-transactions-fr","category-space-protocol-fr","odd"],"_links":{"self":[{"href":"https:\/\/www.unidroit.org\/fr\/wp-json\/wp\/v2\/posts\/6459","targetHints":{"allow":["GET"]}}],"collection":[{"href":"https:\/\/www.unidroit.org\/fr\/wp-json\/wp\/v2\/posts"}],"about":[{"href":"https:\/\/www.unidroit.org\/fr\/wp-json\/wp\/v2\/types\/post"}],"author":[{"embeddable":true,"href":"https:\/\/www.unidroit.org\/fr\/wp-json\/wp\/v2\/users\/5"}],"replies":[{"embeddable":true,"href":"https:\/\/www.unidroit.org\/fr\/wp-json\/wp\/v2\/comments?post=6459"}],"version-history":[{"count":0,"href":"https:\/\/www.unidroit.org\/fr\/wp-json\/wp\/v2\/posts\/6459\/revisions"}],"wp:featuredmedia":[{"embeddable":true,"href":"https:\/\/www.unidroit.org\/fr\/wp-json\/wp\/v2\/media\/9062"}],"wp:attachment":[{"href":"https:\/\/www.unidroit.org\/fr\/wp-json\/wp\/v2\/media?parent=6459"}],"wp:term":[{"taxonomy":"category","embeddable":true,"href":"https:\/\/www.unidroit.org\/fr\/wp-json\/wp\/v2\/categories?post=6459"},{"taxonomy":"post_tag","embeddable":true,"href":"https:\/\/www.unidroit.org\/fr\/wp-json\/wp\/v2\/tags?post=6459"}],"curies":[{"name":"wp","href":"https:\/\/api.w.org\/{rel}","templated":true}]}}