{"id":6508,"date":"2020-12-22T10:14:43","date_gmt":"2020-12-22T10:14:43","guid":{"rendered":"https:\/\/www.unidroit.org\/?p=6508"},"modified":"2021-08-18T10:10:37","modified_gmt":"2021-08-18T10:10:37","slug":"79eme-session-de-lassemblee-generale-dunidroit","status":"publish","type":"post","link":"https:\/\/www.unidroit.org\/fr\/79eme-session-de-lassemblee-generale-dunidroit\/","title":{"rendered":"79EME SESSION DE L\u2019ASSEMBLEE GENERALE D\u2019UNIDROIT"},"content":{"rendered":"<p><a class=\"jcepopup jcemediabox-image\" href=\"https:\/\/www.unidroit.org\/english\/news\/2020\/201217-ag-79th\/img01.jpeg\" data-mediabox=\"1\"><img loading=\"lazy\" decoding=\"async\" src=\"https:\/\/www.unidroit.org\/english\/news\/2020\/201217-ag-79th\/img01.jpeg\" alt=\"img01\" width=\"180\" height=\"110\" \/><\/a>Le 17 d\u00e9cembre 2020, la 79<sup>\u00e8me<\/sup>\u00a0session de l\u2019Assembl\u00e9e G\u00e9n\u00e9rale d\u2019UNIDROIT s\u2019est tenue au si\u00e8ge de l\u2019Institut \u00e0 Rome et en distanciel.<\/p>\n<p>Le membre mexicain du Conseil de Direction d\u2019UNIDROIT, le Professeur Jorge Antonio S\u00e1nchez Cordero D\u00e1vila, a \u00e9t\u00e9 \u00e9lu Pr\u00e9sident de l\u2019Assembl\u00e9e G\u00e9n\u00e9rale 2020-2021. L\u2019Assembl\u00e9e G\u00e9n\u00e9rale a approuv\u00e9 les amendements au Programme de travail d\u2019UNIDROIT pour la p\u00e9riode triennale 2020-2022 et a pris note de l\u2019expos\u00e9 sur l\u2019activit\u00e9 de l\u2019Organisation en 2020. L\u2019Assembl\u00e9e a \u00e9galement pris note du rapport du Pr\u00e9sident de la Commission des Finances et elle a approuv\u00e9 les modifications d\u00e9finitives du Budget et des Comptes de l\u2019exercice financier 2019. Elle a \u00e9galement approuv\u00e9 les ajustements au Budget pour 2020, pris note des arri\u00e9r\u00e9s de contributions de certains Etats membres et adopt\u00e9 le projet de Budget pour 2021. En outre, l\u2019Assembl\u00e9e a pris note des progr\u00e8s r\u00e9alis\u00e9s pour la mise en \u0153uvre du syst\u00e8me de r\u00e9mun\u00e9ration et de s\u00e9curit\u00e9 sociale appliqu\u00e9 au personnel d\u2019UNIDROIT. Elle a \u00e9galement pris note des mesures prises par le Secr\u00e9tariat d\u2019UNIDROIT concernant la pand\u00e9mie du COVID-19.<\/p>\n<p>Une fois approuv\u00e9 par le Pr\u00e9sident, le Rapport sera disponible sur le\u00a0<a href=\"https:\/\/www.unidroit.org\/meetings\/general-assembly\/2960-79th-session-rome-17-december-2020\">site<\/a>.<a href=\"https:\/\/www.unidroit.org\/meetings\/general-assembly\/2960-79th-session-rome-17-december-2020\"><br \/>\n<\/a><\/p>\n<p>&nbsp;<\/p>\n","protected":false},"excerpt":{"rendered":"<p>Le 17 d\u00e9cembre 2020, la 79\u00e8me\u00a0session de l\u2019Assembl\u00e9e G\u00e9n\u00e9rale d\u2019UNIDROIT s\u2019est tenue au si\u00e8ge de l\u2019Institut \u00e0 Rome et en distanciel. Le membre mexicain du Conseil de Direction d\u2019UNIDROIT, le Professeur Jorge Antonio S\u00e1nchez Cordero D\u00e1vila, a \u00e9t\u00e9 \u00e9lu Pr\u00e9sident de l\u2019Assembl\u00e9e G\u00e9n\u00e9rale 2020-2021. L\u2019Assembl\u00e9e&nbsp;<a href=\"https:\/\/www.unidroit.org\/fr\/79eme-session-de-lassemblee-generale-dunidroit\/\">&hellip;<\/a><\/p>\n","protected":false},"author":5,"featured_media":0,"comment_status":"open","ping_status":"open","sticky":false,"template":"","format":"standard","meta":{"ep_exclude_from_search":false,"footnotes":""},"categories":[79],"tags":[],"class_list":["post-6508","post","type-post","status-publish","format-standard","hentry","category-actualites","odd"],"_links":{"self":[{"href":"https:\/\/www.unidroit.org\/fr\/wp-json\/wp\/v2\/posts\/6508","targetHints":{"allow":["GET"]}}],"collection":[{"href":"https:\/\/www.unidroit.org\/fr\/wp-json\/wp\/v2\/posts"}],"about":[{"href":"https:\/\/www.unidroit.org\/fr\/wp-json\/wp\/v2\/types\/post"}],"author":[{"embeddable":true,"href":"https:\/\/www.unidroit.org\/fr\/wp-json\/wp\/v2\/users\/5"}],"replies":[{"embeddable":true,"href":"https:\/\/www.unidroit.org\/fr\/wp-json\/wp\/v2\/comments?post=6508"}],"version-history":[{"count":0,"href":"https:\/\/www.unidroit.org\/fr\/wp-json\/wp\/v2\/posts\/6508\/revisions"}],"wp:attachment":[{"href":"https:\/\/www.unidroit.org\/fr\/wp-json\/wp\/v2\/media?parent=6508"}],"wp:term":[{"taxonomy":"category","embeddable":true,"href":"https:\/\/www.unidroit.org\/fr\/wp-json\/wp\/v2\/categories?post=6508"},{"taxonomy":"post_tag","embeddable":true,"href":"https:\/\/www.unidroit.org\/fr\/wp-json\/wp\/v2\/tags?post=6508"}],"curies":[{"name":"wp","href":"https:\/\/api.w.org\/{rel}","templated":true}]}}