{"id":6516,"date":"2020-12-16T10:17:00","date_gmt":"2020-12-16T10:17:00","guid":{"rendered":"https:\/\/www.unidroit.org\/?p=6516"},"modified":"2021-08-18T10:10:37","modified_gmt":"2021-08-18T10:10:37","slug":"unidroit-se-joint-a-la-celebration-des-60-ans-de-liccrom-en-italie","status":"publish","type":"post","link":"https:\/\/www.unidroit.org\/fr\/unidroit-se-joint-a-la-celebration-des-60-ans-de-liccrom-en-italie\/","title":{"rendered":"UNIDROIT SE JOINT A LA CELEBRATION DES 60 ANS DE L&#8217;ICCROM EN ITALIE"},"content":{"rendered":"<p><a class=\"jcepopup jcemediabox-image\" href=\"https:\/\/www.unidroit.org\/english\/news\/2020\/201216-iccrom-60years\/img01.jpg\" data-mediabox=\"1\"><img loading=\"lazy\" decoding=\"async\" src=\"https:\/\/www.unidroit.org\/english\/news\/2020\/201216-iccrom-60years\/img01.jpg\" alt=\"img01\" width=\"180\" height=\"92\" \/><\/a>La Professeure Maria Chiara Malaguti, Pr\u00e9sidente d&#8217;UNIDROIT, a f\u00e9licit\u00e9 l&#8217;ICCROM \u00e0 l&#8217;occasion du 60<sup>\u00e8me<\/sup>\u00a0anniversaire de l&#8217;adh\u00e9sion de l&#8217;Italie \u00e0 l&#8217;ICCROM, rendue officielle\u00a0 par la ratification de l&#8217;Accord de si\u00e8ge.<\/p>\n<p>UNIDROIT se joint aux autres organisations pour f\u00e9liciter l&#8217;ICCROM et tout son personnel pour le travail accompli. La Professeure Malaguti a rappel\u00e9 la collaboration de longue date entre les deux institutions formalis\u00e9e par un Protocole d&#8217;accord sign\u00e9 en 2015. Elle a renouvel\u00e9 le souhait d&#8217;UNIDROIT de poursuivre et de renforcer cette collaboration \u00e0 l&#8217;avenir.<\/p>\n<p>-&gt;\u00a0<a href=\"https:\/\/unicatt.cloud.panopto.eu\/Panopto\/Pages\/Viewer.aspx?tid=b32591e0-ab9c-4c4f-94c6-ac9300ad55cf\" target=\"_blank\" rel=\"noopener\">Video<\/a><\/p>\n<p>-&gt;\u00a0<a href=\"https:\/\/www.iccrom.org\/news\/sixty-years-iccrom-italy\" target=\"_blank\" rel=\"noopener\">Le site Internet de l\u2019ICCROM<\/a><\/p>\n<p>&nbsp;<\/p>\n<p>&nbsp;<\/p>\n","protected":false},"excerpt":{"rendered":"<p>La Professeure Maria Chiara Malaguti, Pr\u00e9sidente d&#8217;UNIDROIT, a f\u00e9licit\u00e9 l&#8217;ICCROM \u00e0 l&#8217;occasion du 60\u00e8me\u00a0anniversaire de l&#8217;adh\u00e9sion de l&#8217;Italie \u00e0 l&#8217;ICCROM, rendue officielle\u00a0 par la ratification de l&#8217;Accord de si\u00e8ge. UNIDROIT se joint aux autres organisations pour f\u00e9liciter l&#8217;ICCROM et tout son personnel pour le travail&nbsp;<a href=\"https:\/\/www.unidroit.org\/fr\/unidroit-se-joint-a-la-celebration-des-60-ans-de-liccrom-en-italie\/\">&hellip;<\/a><\/p>\n","protected":false},"author":5,"featured_media":0,"comment_status":"closed","ping_status":"closed","sticky":false,"template":"","format":"standard","meta":{"ep_exclude_from_search":false,"footnotes":""},"categories":[79,29],"tags":[],"class_list":["post-6516","post","type-post","status-publish","format-standard","hentry","category-actualites","category-cultural-property","odd"],"_links":{"self":[{"href":"https:\/\/www.unidroit.org\/fr\/wp-json\/wp\/v2\/posts\/6516","targetHints":{"allow":["GET"]}}],"collection":[{"href":"https:\/\/www.unidroit.org\/fr\/wp-json\/wp\/v2\/posts"}],"about":[{"href":"https:\/\/www.unidroit.org\/fr\/wp-json\/wp\/v2\/types\/post"}],"author":[{"embeddable":true,"href":"https:\/\/www.unidroit.org\/fr\/wp-json\/wp\/v2\/users\/5"}],"replies":[{"embeddable":true,"href":"https:\/\/www.unidroit.org\/fr\/wp-json\/wp\/v2\/comments?post=6516"}],"version-history":[{"count":0,"href":"https:\/\/www.unidroit.org\/fr\/wp-json\/wp\/v2\/posts\/6516\/revisions"}],"wp:attachment":[{"href":"https:\/\/www.unidroit.org\/fr\/wp-json\/wp\/v2\/media?parent=6516"}],"wp:term":[{"taxonomy":"category","embeddable":true,"href":"https:\/\/www.unidroit.org\/fr\/wp-json\/wp\/v2\/categories?post=6516"},{"taxonomy":"post_tag","embeddable":true,"href":"https:\/\/www.unidroit.org\/fr\/wp-json\/wp\/v2\/tags?post=6516"}],"curies":[{"name":"wp","href":"https:\/\/api.w.org\/{rel}","templated":true}]}}