{"id":6545,"date":"2020-11-25T10:24:34","date_gmt":"2020-11-25T10:24:34","guid":{"rendered":"https:\/\/www.unidroit.org\/?p=6545"},"modified":"2021-08-18T10:10:38","modified_gmt":"2021-08-18T10:10:38","slug":"unidroit-celebre-la-premiere-journee-internationale-contre-le-trafic-illicite-de-biens-culturels","status":"publish","type":"post","link":"https:\/\/www.unidroit.org\/fr\/unidroit-celebre-la-premiere-journee-internationale-contre-le-trafic-illicite-de-biens-culturels\/","title":{"rendered":"UNIDROIT CELEBRE LA PREMIERE JOURNEE INTERNATIONALE CONTRE LE TRAFIC ILLICITE DE BIENS CULTURELS"},"content":{"rendered":"<p>14 novembre &#8211; Nous devons tous ensemble lutter contre le trafic illicite de biens culturels !<\/p>\n<p>Le 14 novembre &#8211; date d\u2019adoption de la Convention de l\u2019UNESCO de 1970 &#8211; a \u00e9t\u00e9 choisi comme Journ\u00e9e internationale contre le trafic illicite des biens culturels qui sera c\u00e9l\u00e9br\u00e9e chaque ann\u00e9e. UNIDROIT s\u2019est joint \u00e0 l\u2019UNESCO et \u00e0 d\u2019autres organisations pour promouvoir des cadres internationaux pour la pr\u00e9vention du vol et du pillage, et le retour des biens culturels commercialis\u00e9s ill\u00e9galement, parall\u00e8lement \u00e0 d\u2019autres avanc\u00e9es dans la lutte contre le trafic illicite.<\/p>\n<p>Nous devons tous ensemble lutter contre le trafic illicite de biens culturels !<\/p>\n<p>-&gt;\u00a0<a href=\"https:\/\/www.youtube.com\/watch?v=nbYRf_3NrdY&amp;feature=youtu.be\" target=\"_blank\" rel=\"noopener\">Video<\/a><\/p>\n<p>&nbsp;<\/p>\n","protected":false},"excerpt":{"rendered":"<p>14 novembre &#8211; Nous devons tous ensemble lutter contre le trafic illicite de biens culturels ! Le 14 novembre &#8211; date d\u2019adoption de la Convention de l\u2019UNESCO de 1970 &#8211; a \u00e9t\u00e9 choisi comme Journ\u00e9e internationale contre le trafic illicite des biens culturels qui sera&nbsp;<a href=\"https:\/\/www.unidroit.org\/fr\/unidroit-celebre-la-premiere-journee-internationale-contre-le-trafic-illicite-de-biens-culturels\/\">&hellip;<\/a><\/p>\n","protected":false},"author":5,"featured_media":0,"comment_status":"closed","ping_status":"closed","sticky":false,"template":"","format":"standard","meta":{"ep_exclude_from_search":false,"footnotes":""},"categories":[79,29],"tags":[],"class_list":["post-6545","post","type-post","status-publish","format-standard","hentry","category-actualites","category-cultural-property","odd"],"_links":{"self":[{"href":"https:\/\/www.unidroit.org\/fr\/wp-json\/wp\/v2\/posts\/6545","targetHints":{"allow":["GET"]}}],"collection":[{"href":"https:\/\/www.unidroit.org\/fr\/wp-json\/wp\/v2\/posts"}],"about":[{"href":"https:\/\/www.unidroit.org\/fr\/wp-json\/wp\/v2\/types\/post"}],"author":[{"embeddable":true,"href":"https:\/\/www.unidroit.org\/fr\/wp-json\/wp\/v2\/users\/5"}],"replies":[{"embeddable":true,"href":"https:\/\/www.unidroit.org\/fr\/wp-json\/wp\/v2\/comments?post=6545"}],"version-history":[{"count":0,"href":"https:\/\/www.unidroit.org\/fr\/wp-json\/wp\/v2\/posts\/6545\/revisions"}],"wp:attachment":[{"href":"https:\/\/www.unidroit.org\/fr\/wp-json\/wp\/v2\/media?parent=6545"}],"wp:term":[{"taxonomy":"category","embeddable":true,"href":"https:\/\/www.unidroit.org\/fr\/wp-json\/wp\/v2\/categories?post=6545"},{"taxonomy":"post_tag","embeddable":true,"href":"https:\/\/www.unidroit.org\/fr\/wp-json\/wp\/v2\/tags?post=6545"}],"curies":[{"name":"wp","href":"https:\/\/api.w.org\/{rel}","templated":true}]}}