{"id":6649,"date":"2020-08-24T12:54:51","date_gmt":"2020-08-24T12:54:51","guid":{"rendered":"https:\/\/www.unidroit.org\/?p=6649"},"modified":"2021-08-18T10:12:30","modified_gmt":"2021-08-18T10:12:30","slug":"covid-19-et-les-solutions-proposees-par-les-principes-dunidroit-relatifs-aux-contrats-du-commerce-international","status":"publish","type":"post","link":"https:\/\/www.unidroit.org\/fr\/covid-19-et-les-solutions-proposees-par-les-principes-dunidroit-relatifs-aux-contrats-du-commerce-international\/","title":{"rendered":"COVID-19 ET LES SOLUTIONS PROPOS\u00c9ES PAR LES PRINCIPES D\u2019UNIDROIT RELATIFS AUX CONTRATS DU COMMERCE INTERNATIONAL"},"content":{"rendered":"<p><a class=\"jcepopup jcemediabox-image\" href=\"https:\/\/www.unidroit.org\/english\/news\/2020\/200903-iba-covid19-upicc\/img01.png\" data-mediabox=\"1\"><img loading=\"lazy\" decoding=\"async\" src=\"https:\/\/www.unidroit.org\/english\/news\/2020\/200903-iba-covid19-upicc\/img01.png\" alt=\"img01\" width=\"180\" height=\"100\" \/><\/a>Le 3 septembre 2020, le Professeur Ignacio Tirado, Secr\u00e9taire G\u00e9n\u00e9ral d\u2019UNIDROIT, est intervenu lors d&#8217;un webinaire organis\u00e9 par le Comit\u00e9 d&#8217;arbitrage de l&#8217;IBA, le Forum r\u00e9gional europ\u00e9en de l&#8217;IBA, le Comit\u00e9 du commerce international et de la distribution de l&#8217;IBA, le Comit\u00e9 du contentieux de l&#8217;IBA, avec le soutien du Comit\u00e9 du droit des soci\u00e9t\u00e9s et des fusions et acquisitions de l&#8217;IBA.<\/p>\n<p>-&gt;\u00a0<a href=\"https:\/\/www.ibanet.org\/UNIDROIT-Contract-Principles-webinar.aspx\" target=\"_blank\" rel=\"noopener\">Plus d\u2019informations et inscription<\/a><\/p>\n","protected":false},"excerpt":{"rendered":"<p>Le 3 septembre 2020, le Professeur Ignacio Tirado, Secr\u00e9taire G\u00e9n\u00e9ral d\u2019UNIDROIT, est intervenu lors d&#8217;un webinaire organis\u00e9 par le Comit\u00e9 d&#8217;arbitrage de l&#8217;IBA, le Forum r\u00e9gional europ\u00e9en de l&#8217;IBA, le Comit\u00e9 du commerce international et de la distribution de l&#8217;IBA, le Comit\u00e9 du contentieux de&nbsp;<a href=\"https:\/\/www.unidroit.org\/fr\/covid-19-et-les-solutions-proposees-par-les-principes-dunidroit-relatifs-aux-contrats-du-commerce-international\/\">&hellip;<\/a><\/p>\n","protected":false},"author":5,"featured_media":0,"comment_status":"closed","ping_status":"closed","sticky":false,"template":"","format":"standard","meta":{"ep_exclude_from_search":false,"footnotes":""},"categories":[79,200],"tags":[],"class_list":["post-6649","post","type-post","status-publish","format-standard","hentry","category-actualites","category-principles-uppic-fr","odd"],"_links":{"self":[{"href":"https:\/\/www.unidroit.org\/fr\/wp-json\/wp\/v2\/posts\/6649","targetHints":{"allow":["GET"]}}],"collection":[{"href":"https:\/\/www.unidroit.org\/fr\/wp-json\/wp\/v2\/posts"}],"about":[{"href":"https:\/\/www.unidroit.org\/fr\/wp-json\/wp\/v2\/types\/post"}],"author":[{"embeddable":true,"href":"https:\/\/www.unidroit.org\/fr\/wp-json\/wp\/v2\/users\/5"}],"replies":[{"embeddable":true,"href":"https:\/\/www.unidroit.org\/fr\/wp-json\/wp\/v2\/comments?post=6649"}],"version-history":[{"count":0,"href":"https:\/\/www.unidroit.org\/fr\/wp-json\/wp\/v2\/posts\/6649\/revisions"}],"wp:attachment":[{"href":"https:\/\/www.unidroit.org\/fr\/wp-json\/wp\/v2\/media?parent=6649"}],"wp:term":[{"taxonomy":"category","embeddable":true,"href":"https:\/\/www.unidroit.org\/fr\/wp-json\/wp\/v2\/categories?post=6649"},{"taxonomy":"post_tag","embeddable":true,"href":"https:\/\/www.unidroit.org\/fr\/wp-json\/wp\/v2\/tags?post=6649"}],"curies":[{"name":"wp","href":"https:\/\/api.w.org\/{rel}","templated":true}]}}