{"id":6738,"date":"2020-06-09T13:16:24","date_gmt":"2020-06-09T13:16:24","guid":{"rendered":"https:\/\/www.unidroit.org\/?p=6738"},"modified":"2021-08-18T10:13:02","modified_gmt":"2021-08-18T10:13:02","slug":"luiss-bc-law-unidroit-a-la-8eme-session-des-masters-sur-le-droit-des-affaires-et-des-societes","status":"publish","type":"post","link":"https:\/\/www.unidroit.org\/fr\/luiss-bc-law-unidroit-a-la-8eme-session-des-masters-sur-le-droit-des-affaires-et-des-societes\/","title":{"rendered":"LUISS B&amp;C LAW- UNIDROIT A LA 8EME SESSION DES MASTERS SUR &#8220;LE DROIT DES AFFAIRES ET DES SOCIETES&#8221;"},"content":{"rendered":"<p><a class=\"jcepopup jcemediabox-image\" href=\"https:\/\/www.unidroit.org\/english\/news\/2020\/200527-luiss-business-company-law-8th\/img01.jpg\" data-mediabox=\"1\"><img loading=\"lazy\" decoding=\"async\" src=\"https:\/\/www.unidroit.org\/english\/news\/2020\/200527-luiss-business-company-law-8th\/img01.jpg\" alt=\"img01\" width=\"180\" height=\"110\" \/><\/a>Le 27 mai 2020, le Secr\u00e9taire G\u00e9n\u00e9ral et la Secr\u00e9taire G\u00e9n\u00e9rale adjointe d\u2019UNIDROIT ont \u00e9t\u00e9 invit\u00e9s \u00e0 un webinaire dans le cadre de la 8\u00e8me \u00e9dition du Master LUISS en droit des affaires et des soci\u00e9t\u00e9s.<\/p>\n<p>Le Secr\u00e9taire G\u00e9n\u00e9ral, le Professeur Ignacio Tirado, a fait une pr\u00e9sentation introductive sur UNIDROIT et ses m\u00e9thodes, et la Secr\u00e9taire G\u00e9n\u00e9rale adjointe, la Professeure Anna Veneziano, a donn\u00e9 une conf\u00e9rence sur les Principes d\u2019UNIDROIT relatifs aux contrats du commerce international.<\/p>\n<p>&nbsp;<\/p>\n","protected":false},"excerpt":{"rendered":"<p>Le 27 mai 2020, le Secr\u00e9taire G\u00e9n\u00e9ral et la Secr\u00e9taire G\u00e9n\u00e9rale adjointe d\u2019UNIDROIT ont \u00e9t\u00e9 invit\u00e9s \u00e0 un webinaire dans le cadre de la 8\u00e8me \u00e9dition du Master LUISS en droit des affaires et des soci\u00e9t\u00e9s. Le Secr\u00e9taire G\u00e9n\u00e9ral, le Professeur Ignacio Tirado, a fait&nbsp;<a href=\"https:\/\/www.unidroit.org\/fr\/luiss-bc-law-unidroit-a-la-8eme-session-des-masters-sur-le-droit-des-affaires-et-des-societes\/\">&hellip;<\/a><\/p>\n","protected":false},"author":5,"featured_media":0,"comment_status":"open","ping_status":"open","sticky":false,"template":"","format":"standard","meta":{"ep_exclude_from_search":false,"footnotes":""},"categories":[79],"tags":[],"class_list":["post-6738","post","type-post","status-publish","format-standard","hentry","category-actualites","odd"],"_links":{"self":[{"href":"https:\/\/www.unidroit.org\/fr\/wp-json\/wp\/v2\/posts\/6738","targetHints":{"allow":["GET"]}}],"collection":[{"href":"https:\/\/www.unidroit.org\/fr\/wp-json\/wp\/v2\/posts"}],"about":[{"href":"https:\/\/www.unidroit.org\/fr\/wp-json\/wp\/v2\/types\/post"}],"author":[{"embeddable":true,"href":"https:\/\/www.unidroit.org\/fr\/wp-json\/wp\/v2\/users\/5"}],"replies":[{"embeddable":true,"href":"https:\/\/www.unidroit.org\/fr\/wp-json\/wp\/v2\/comments?post=6738"}],"version-history":[{"count":0,"href":"https:\/\/www.unidroit.org\/fr\/wp-json\/wp\/v2\/posts\/6738\/revisions"}],"wp:attachment":[{"href":"https:\/\/www.unidroit.org\/fr\/wp-json\/wp\/v2\/media?parent=6738"}],"wp:term":[{"taxonomy":"category","embeddable":true,"href":"https:\/\/www.unidroit.org\/fr\/wp-json\/wp\/v2\/categories?post=6738"},{"taxonomy":"post_tag","embeddable":true,"href":"https:\/\/www.unidroit.org\/fr\/wp-json\/wp\/v2\/tags?post=6738"}],"curies":[{"name":"wp","href":"https:\/\/api.w.org\/{rel}","templated":true}]}}