{"id":6878,"date":"2019-11-13T14:10:06","date_gmt":"2019-11-13T14:10:06","guid":{"rendered":"https:\/\/www.unidroit.org\/?p=6878"},"modified":"2021-08-18T10:14:56","modified_gmt":"2021-08-18T10:14:56","slug":"nouveau-partenariat-pour-le-projet-academique-relatif-a-la-convention-du-cap","status":"publish","type":"post","link":"https:\/\/www.unidroit.org\/fr\/nouveau-partenariat-pour-le-projet-academique-relatif-a-la-convention-du-cap\/","title":{"rendered":"NOUVEAU PARTENARIAT POUR LE PROJET ACADEMIQUE RELATIF A LA CONVENTION DU CAP"},"content":{"rendered":"<p><a class=\"jcepopup jcemediabox-image\" href=\"https:\/\/www.unidroit.org\/english\/news\/2019\/191113-ctc-new-partnership-pretoria\/img01.jpg\" data-mediabox=\"1\"><img loading=\"lazy\" decoding=\"async\" src=\"https:\/\/www.unidroit.org\/english\/news\/2019\/191113-ctc-new-partnership-pretoria\/img01.jpg\" alt=\"img01\" width=\"180\" height=\"110\" \/><\/a>Le 13 novembre 2019, \u00e0 Pretoria, lors de la Conf\u00e9rence diplomatique pour l&#8217;adoption du\u00a0<a href=\"https:\/\/www.unidroit.org\/Protocole%20MAC\">Protocole MAC<\/a>, UNIDROIT, la\u00a0<a href=\"https:\/\/www.law.cam.ac.uk\/press\/news\/2019\/11\/cape-town-convention-academic-project-ctcap-operate-under-centre-corporate-and\" target=\"_blank\" rel=\"noopener\">Facult\u00e9 de droit de l&#8217;Universit\u00e9 de Cambridge<\/a>\u00a0et le\u00a0<a href=\"http:\/\/www.awg.aero\/\" target=\"_blank\" rel=\"noopener\">Groupe de travail a\u00e9ronautique<\/a>\u00a0ont annonc\u00e9 leur accord pour poursuivre les travaux portant sur le\u00a0<a href=\"http:\/\/www.ctcap.org\/\" target=\"_blank\" rel=\"noopener\">Projet acad\u00e9mique relatif \u00e0 la Convention du Cap<\/a>.<\/p>\n<p>Il continuera sous les auspices conjoints de Cambridge et d&#8217;UNIDROIT, et du Groupe de travail qui en est \u00a0le fondateur.<\/p>\n<p><a class=\"jcepopup jcemediabox-image\" href=\"https:\/\/www.unidroit.org\/english\/news\/2019\/191113-ctc-new-partnership-pretoria\/img02.jpg\" data-mediabox=\"1\"><img loading=\"lazy\" decoding=\"async\" src=\"https:\/\/www.unidroit.org\/english\/news\/2019\/191113-ctc-new-partnership-pretoria\/img02.jpg\" alt=\"img02\" width=\"180\" height=\"110\" \/><\/a>La\u00a0<a href=\"https:\/\/www.unidroit.org\/fr\/instruments\/garanties-internationales\/convention-du-cap\">Convention du Cap<\/a>\u00a0s&#8217;est impos\u00e9e comme un syst\u00e8me conventionnel de premier ordre dans le domaine du droit commercial transnational. Le Projet acad\u00e9mique pr\u00e9voit l&#8217;\u00e9tude universitaire et l&#8217;\u00e9valuation de la Convention du Cap, visant \u00e0 faire progresser la compr\u00e9hension, l&#8217;application effective et le respect du trait\u00e9. Il sera renforc\u00e9 par l&#8217;apport de projets conjoints connexes pour 1)\u00a0<a href=\"http:\/\/unidroitfoundation.org\/economic-assessment-of-law\/\" target=\"_blank\" rel=\"noopener\">l&#8217;\u00e9valuation \u00e9conomique de la r\u00e9forme du droit commercial international<\/a>\u00a0et 2) les\u00a0<a href=\"http:\/\/unidroitfoundation.org\/e-registry-best-practice\/\" target=\"_blank\" rel=\"noopener\">meilleures pratiques dans la conception et le fonctionnement des registres \u00e9lectroniques<\/a>.<\/p>\n<p><a class=\"jcepopup jcemediabox-image\" href=\"https:\/\/www.unidroit.org\/english\/news\/2019\/191113-ctc-new-partnership-pretoria\/img03.jpg\" data-mediabox=\"1\"><img loading=\"lazy\" decoding=\"async\" src=\"https:\/\/www.unidroit.org\/english\/news\/2019\/191113-ctc-new-partnership-pretoria\/img03.jpg\" alt=\"img03\" width=\"180\" height=\"110\" \/><\/a>Le Projet acad\u00e9mique, les projets mentionn\u00e9s ci-dessous \u00e9tant inclus, sera dirig\u00e9 par Jeffrey Wool et son Directeur acad\u00e9mique sera\u00a0<a href=\"https:\/\/www.law.cam.ac.uk\/people\/academic\/l-gullifer\/78501\" target=\"_blank\" rel=\"noopener\">Louise Gullifer<\/a>. Il se d\u00e9roulera au sein de la Facult\u00e9 de droit de Cambridge sous les auspices du Centre for Corporate and Commercial Law. Le Professeur Sir Roy Goode (Oxford) et Robert Cowan (Aviareto) ont \u00e9t\u00e9 nomm\u00e9s conseillers principaux du projet.<\/p>\n<p>-&gt; Pour vous tenir au courant de l&#8217;\u00e9volution du Projet acad\u00e9mique cliquez\u00a0<a href=\"http:\/\/www.ctcap.org\/\" target=\"_blank\" rel=\"noopener\">ici<\/a>.<\/p>\n<p><strong>\u00a0\u00a0\u00a0 Voir la vid\u00e9o de l&#8217;annonce<br \/>\n<\/strong><\/p>\n<p>&nbsp;<\/p>\n<p>&nbsp;<\/p>\n<p>&nbsp;<\/p>\n","protected":false},"excerpt":{"rendered":"<p>Le 13 novembre 2019, \u00e0 Pretoria, lors de la Conf\u00e9rence diplomatique pour l&#8217;adoption du\u00a0Protocole MAC, UNIDROIT, la\u00a0Facult\u00e9 de droit de l&#8217;Universit\u00e9 de Cambridge\u00a0et le\u00a0Groupe de travail a\u00e9ronautique\u00a0ont annonc\u00e9 leur accord pour poursuivre les travaux portant sur le\u00a0Projet acad\u00e9mique relatif \u00e0 la Convention du Cap. Il&nbsp;<a href=\"https:\/\/www.unidroit.org\/fr\/nouveau-partenariat-pour-le-projet-academique-relatif-a-la-convention-du-cap\/\">&hellip;<\/a><\/p>\n","protected":false},"author":5,"featured_media":0,"comment_status":"closed","ping_status":"closed","sticky":false,"template":"","format":"standard","meta":{"ep_exclude_from_search":false,"footnotes":""},"categories":[79],"tags":[],"class_list":["post-6878","post","type-post","status-publish","format-standard","hentry","category-actualites","odd"],"_links":{"self":[{"href":"https:\/\/www.unidroit.org\/fr\/wp-json\/wp\/v2\/posts\/6878","targetHints":{"allow":["GET"]}}],"collection":[{"href":"https:\/\/www.unidroit.org\/fr\/wp-json\/wp\/v2\/posts"}],"about":[{"href":"https:\/\/www.unidroit.org\/fr\/wp-json\/wp\/v2\/types\/post"}],"author":[{"embeddable":true,"href":"https:\/\/www.unidroit.org\/fr\/wp-json\/wp\/v2\/users\/5"}],"replies":[{"embeddable":true,"href":"https:\/\/www.unidroit.org\/fr\/wp-json\/wp\/v2\/comments?post=6878"}],"version-history":[{"count":0,"href":"https:\/\/www.unidroit.org\/fr\/wp-json\/wp\/v2\/posts\/6878\/revisions"}],"wp:attachment":[{"href":"https:\/\/www.unidroit.org\/fr\/wp-json\/wp\/v2\/media?parent=6878"}],"wp:term":[{"taxonomy":"category","embeddable":true,"href":"https:\/\/www.unidroit.org\/fr\/wp-json\/wp\/v2\/categories?post=6878"},{"taxonomy":"post_tag","embeddable":true,"href":"https:\/\/www.unidroit.org\/fr\/wp-json\/wp\/v2\/tags?post=6878"}],"curies":[{"name":"wp","href":"https:\/\/api.w.org\/{rel}","templated":true}]}}