{"id":6886,"date":"2019-11-11T14:12:53","date_gmt":"2019-11-11T14:12:53","guid":{"rendered":"https:\/\/www.unidroit.org\/?p=6886"},"modified":"2021-08-18T10:14:56","modified_gmt":"2021-08-18T10:14:56","slug":"la-conference-diplomatique-pour-ladoption-du-protocole-mac-demarre-a-pretoria","status":"publish","type":"post","link":"https:\/\/www.unidroit.org\/fr\/la-conference-diplomatique-pour-ladoption-du-protocole-mac-demarre-a-pretoria\/","title":{"rendered":"LA CONFERENCE DIPLOMATIQUE POUR L\u2019ADOPTION DU PROTOCOLE MAC DEMARRE A PRETORIA"},"content":{"rendered":"<p><a class=\"jcepopup jcemediabox-image\" href=\"https:\/\/www.unidroit.org\/english\/news\/2019\/191111-mac-protocol-pretoria\/img01.jpg\" data-mediabox=\"1\"><img loading=\"lazy\" decoding=\"async\" src=\"https:\/\/www.unidroit.org\/english\/news\/2019\/191111-mac-protocol-pretoria\/img01.jpg\" alt=\"img01\" width=\"180\" height=\"108\" \/><\/a>Le 11 novembre 2019, le Secr\u00e9taire G\u00e9n\u00e9ral d\u2019UNIDROIT, le Professeur Ignacio Tirado, a ouvert la Conf\u00e9rence diplomatique pour l\u2019adoption du projet de Protocole portant sur les questions sp\u00e9cifiques aux mat\u00e9riels d\u2019\u00e9quipement miniers, agricoles et de construction \u00e0 la Convention relative aux garanties internationales portant sur des mat\u00e9riels d\u2019\u00e9quipement mobiles (le \u201cProtocole MAC\u201d),\u00a0\u00e0 Pr\u00e9toria (Afrique du Sud).<\/p>\n<p><a class=\"jcepopup jcemediabox-image\" href=\"https:\/\/www.unidroit.org\/english\/news\/2019\/191111-mac-protocol-pretoria\/img02.jpeg\" data-mediabox=\"1\"><img loading=\"lazy\" decoding=\"async\" src=\"https:\/\/www.unidroit.org\/english\/news\/2019\/191111-mac-protocol-pretoria\/img02.jpeg\" alt=\"img02\" width=\"210\" height=\"130\" \/><\/a>Kgabo Mahoai (Directeur G\u00e9n\u00e9ral, D\u00e9partement des relations internationales et de la coop\u00e9ration de la R\u00e9publique d\u2019Afrique du Sud) a prononc\u00e9 le discours de bienvenue.<\/p>\n<p>Au cours des deux semaines \u00e0 venir, les 150 d\u00e9l\u00e9gu\u00e9s inscrits provenant de plus de 50 Etats et organisations internationales vont entamer des n\u00e9gociations approfondies en vue de l\u2019adoption du Protocole MAC vendredi 22 novembre.<\/p>\n<p>-&gt;\u00a0<a href=\"https:\/\/macprotocol.info\/fr\/827-2\/\" target=\"_blank\" rel=\"noopener\">Pour en savoir plus sur le Protocole MAC<\/a><\/p>\n<p>&nbsp;<\/p>\n<p>&nbsp;<\/p>\n","protected":false},"excerpt":{"rendered":"<p>Le 11 novembre 2019, le Secr\u00e9taire G\u00e9n\u00e9ral d\u2019UNIDROIT, le Professeur Ignacio Tirado, a ouvert la Conf\u00e9rence diplomatique pour l\u2019adoption du projet de Protocole portant sur les questions sp\u00e9cifiques aux mat\u00e9riels d\u2019\u00e9quipement miniers, agricoles et de construction \u00e0 la Convention relative aux garanties internationales portant sur&nbsp;<a href=\"https:\/\/www.unidroit.org\/fr\/la-conference-diplomatique-pour-ladoption-du-protocole-mac-demarre-a-pretoria\/\">&hellip;<\/a><\/p>\n","protected":false},"author":5,"featured_media":0,"comment_status":"closed","ping_status":"closed","sticky":false,"template":"","format":"standard","meta":{"ep_exclude_from_search":false,"footnotes":""},"categories":[79,196],"tags":[],"class_list":["post-6886","post","type-post","status-publish","format-standard","hentry","category-actualites","category-mac-protocol-2","odd"],"_links":{"self":[{"href":"https:\/\/www.unidroit.org\/fr\/wp-json\/wp\/v2\/posts\/6886","targetHints":{"allow":["GET"]}}],"collection":[{"href":"https:\/\/www.unidroit.org\/fr\/wp-json\/wp\/v2\/posts"}],"about":[{"href":"https:\/\/www.unidroit.org\/fr\/wp-json\/wp\/v2\/types\/post"}],"author":[{"embeddable":true,"href":"https:\/\/www.unidroit.org\/fr\/wp-json\/wp\/v2\/users\/5"}],"replies":[{"embeddable":true,"href":"https:\/\/www.unidroit.org\/fr\/wp-json\/wp\/v2\/comments?post=6886"}],"version-history":[{"count":0,"href":"https:\/\/www.unidroit.org\/fr\/wp-json\/wp\/v2\/posts\/6886\/revisions"}],"wp:attachment":[{"href":"https:\/\/www.unidroit.org\/fr\/wp-json\/wp\/v2\/media?parent=6886"}],"wp:term":[{"taxonomy":"category","embeddable":true,"href":"https:\/\/www.unidroit.org\/fr\/wp-json\/wp\/v2\/categories?post=6886"},{"taxonomy":"post_tag","embeddable":true,"href":"https:\/\/www.unidroit.org\/fr\/wp-json\/wp\/v2\/tags?post=6886"}],"curies":[{"name":"wp","href":"https:\/\/api.w.org\/{rel}","templated":true}]}}