{"id":7052,"date":"2019-05-13T15:21:35","date_gmt":"2019-05-13T15:21:35","guid":{"rendered":"https:\/\/www.unidroit.org\/?p=7052"},"modified":"2021-08-18T10:17:16","modified_gmt":"2021-08-18T10:17:16","slug":"les-instruments-dunidroit-presentes-lors-dun-seminaire-a-madrid","status":"publish","type":"post","link":"https:\/\/www.unidroit.org\/fr\/les-instruments-dunidroit-presentes-lors-dun-seminaire-a-madrid\/","title":{"rendered":"LES INSTRUMENTS D&#8217;UNIDROIT PRESENTES LORS D\u2019UN SEMINAIRE A MADRID"},"content":{"rendered":"<p><a href=\"https:\/\/www.unidroit.org\/english\/news\/2019\/190513-cod-private-law-madrid\/unidroit-instruments-img01.jpg\"><img loading=\"lazy\" decoding=\"async\" src=\"https:\/\/www.unidroit.org\/english\/news\/2019\/190513-cod-private-law-madrid\/unidroit-instruments-img01.jpg\" alt=\"unidroit instruments img01\" width=\"180\" height=\"108\" \/><\/a>Le 13 mai, UNDROIT conjointement \u00e0 la Catedra de Estudios Juridicos Iberoamericanos a organis\u00e9 un s\u00e9minaire intitul\u00e9 \u201cUNIDROIT et la codification du droit international priv\u00e9\u201d.<\/p>\n<p>Accueilli par l&#8217;Universit\u00e9 Carlos III de Madrid et copr\u00e9sid\u00e9 par le Professeur Ignacio Tirado, Secr\u00e9taire G\u00e9n\u00e9ral d&#8217;UNIDROIT, et le Professeur Alfonso-Luis Calvo Caravaca, membre du Conseil de Direction d&#8217;UNIDROIT, ce s\u00e9minaire a r\u00e9uni des experts et des universitaires travaillant dans les domaines du droit international priv\u00e9 et du droit commercial international. Des pr\u00e9sentations ont \u00e9t\u00e9 faites par des experts espagnols et des membres du Secr\u00e9tariat d&#8217;UNIDROIT sur le r\u00f4le d&#8217;UNIDROIT dans l&#8217;unification du droit international priv\u00e9 et de la lex mercatoria, les Principes d&#8217;UNIDROIT relatifs aux contrats du commerce international, la Convention du Cap et ses Protocoles et les travaux d&#8217;UNIDROIT sur l\u2019agriculture contractuelle et sur les contrats d&#8217;investissement en terres agricoles.<\/p>\n<p><a href=\"https:\/\/youtu.be\/z4MtKYZbSE8\" target=\"_blank\" rel=\"noopener\"><img loading=\"lazy\" decoding=\"async\" src=\"https:\/\/www.unidroit.org\/images\/arrows\/black-right-01.gif\" alt=\"black right 01\" width=\"10\" height=\"10\" \/><\/a>\u00a0<a href=\"https:\/\/www.unidroit.org\/english\/news\/2019\/190513-cod-private-law-madrid\/programme-s.PDF\">Programme<\/a><\/p>\n<p>&nbsp;<\/p>\n","protected":false},"excerpt":{"rendered":"<p>Le 13 mai, UNDROIT conjointement \u00e0 la Catedra de Estudios Juridicos Iberoamericanos a organis\u00e9 un s\u00e9minaire intitul\u00e9 \u201cUNIDROIT et la codification du droit international priv\u00e9\u201d. Accueilli par l&#8217;Universit\u00e9 Carlos III de Madrid et copr\u00e9sid\u00e9 par le Professeur Ignacio Tirado, Secr\u00e9taire G\u00e9n\u00e9ral d&#8217;UNIDROIT, et le Professeur&nbsp;<a href=\"https:\/\/www.unidroit.org\/fr\/les-instruments-dunidroit-presentes-lors-dun-seminaire-a-madrid\/\">&hellip;<\/a><\/p>\n","protected":false},"author":5,"featured_media":0,"comment_status":"open","ping_status":"open","sticky":false,"template":"","format":"standard","meta":{"ep_exclude_from_search":false,"footnotes":""},"categories":[79],"tags":[],"class_list":["post-7052","post","type-post","status-publish","format-standard","hentry","category-actualites","odd"],"_links":{"self":[{"href":"https:\/\/www.unidroit.org\/fr\/wp-json\/wp\/v2\/posts\/7052","targetHints":{"allow":["GET"]}}],"collection":[{"href":"https:\/\/www.unidroit.org\/fr\/wp-json\/wp\/v2\/posts"}],"about":[{"href":"https:\/\/www.unidroit.org\/fr\/wp-json\/wp\/v2\/types\/post"}],"author":[{"embeddable":true,"href":"https:\/\/www.unidroit.org\/fr\/wp-json\/wp\/v2\/users\/5"}],"replies":[{"embeddable":true,"href":"https:\/\/www.unidroit.org\/fr\/wp-json\/wp\/v2\/comments?post=7052"}],"version-history":[{"count":0,"href":"https:\/\/www.unidroit.org\/fr\/wp-json\/wp\/v2\/posts\/7052\/revisions"}],"wp:attachment":[{"href":"https:\/\/www.unidroit.org\/fr\/wp-json\/wp\/v2\/media?parent=7052"}],"wp:term":[{"taxonomy":"category","embeddable":true,"href":"https:\/\/www.unidroit.org\/fr\/wp-json\/wp\/v2\/categories?post=7052"},{"taxonomy":"post_tag","embeddable":true,"href":"https:\/\/www.unidroit.org\/fr\/wp-json\/wp\/v2\/tags?post=7052"}],"curies":[{"name":"wp","href":"https:\/\/api.w.org\/{rel}","templated":true}]}}