{"id":7056,"date":"2019-05-12T15:22:42","date_gmt":"2019-05-12T15:22:42","guid":{"rendered":"https:\/\/www.unidroit.org\/?p=7056"},"modified":"2021-08-18T10:17:17","modified_gmt":"2021-08-18T10:17:17","slug":"presentation-au-conseil-de-direction-dunidroit-du-projet-sur-les-principes-du-droit-en-matiere-de-contrats-de-reassurance","status":"publish","type":"post","link":"https:\/\/www.unidroit.org\/fr\/presentation-au-conseil-de-direction-dunidroit-du-projet-sur-les-principes-du-droit-en-matiere-de-contrats-de-reassurance\/","title":{"rendered":"PRESENTATION AU CONSEIL DE DIRECTION D\u2019UNIDROIT DU PROJET SUR LES PRINCIPES DU DROIT EN MATIERE DE CONTRATS DE REASSURANCE"},"content":{"rendered":"<p><a href=\"https:\/\/www.unidroit.org\/english\/news\/2019\/190510-principles-reinsurance-contract-law\/reinsurance-contract-law-img01.jpg\"><img loading=\"lazy\" decoding=\"async\" src=\"https:\/\/www.unidroit.org\/english\/news\/2019\/190510-principles-reinsurance-contract-law\/reinsurance-contract-law-img01.jpg\" alt=\"reinsurance contract law img01\" width=\"180\" height=\"98\" \/><\/a>Le 10 mai 2019, en conclusion de la 98\u00e8me session du Conseil de Direction d\u2019UNIDROIT, des membres du Groupe de travail sur le projet sur les Principes du droit des contrats de r\u00e9assurance ont pr\u00e9sent\u00e9 les r\u00e8gles et commentaires finalis\u00e9s des PRICL.<\/p>\n<p><a href=\"https:\/\/www.unidroit.org\/english\/news\/2019\/190510-principles-reinsurance-contract-law\/reinsurance-contract-law-img02.jpg\"><img loading=\"lazy\" decoding=\"async\" src=\"https:\/\/www.unidroit.org\/english\/news\/2019\/190510-principles-reinsurance-contract-law\/reinsurance-contract-law-img02.jpg\" alt=\"reinsurance contract law img02\" width=\"230\" height=\"208\" \/><\/a>Arthur Hartkamp, Vice-Pr\u00e9sident d\u2019UNIDROIT a pr\u00e9sent\u00e9 le panel, pr\u00e9sid\u00e9 par Anna Veneziano, Secr\u00e9taire G\u00e9n\u00e9rale adjointe d\u2019UNIDROIT. Helmut Heiss (Universit\u00e9 de Zurich) a pr\u00e9sent\u00e9 aux membres du Conseil de Direction une introduction aux PRICL et leurlien avec les Principes d\u2019UNIDROIT relatifs aux contrats du commerce international, suivie d\u2019une pr\u00e9sentation sur les \u201cDevoirs\u201d et les \u201cRecours\u201d dans les PRICL en comparaison avec les Principes d\u2019UNIDROIT par Diana Cerini (Universit\u00e9 Milan Bicocca). Les PRICL ont ensuite \u00e9t\u00e9 examin\u00e9s du point de vue d\u2019un assureur direct (Lari Kuitunen, If P&amp;C Insurance), et du point de vue d\u2019un r\u00e9assureur (Eberhard Witthoff, Munich Re Group).<\/p>\n<p><a href=\"https:\/\/youtu.be\/z4MtKYZbSE8\" target=\"_blank\" rel=\"noopener\"><img loading=\"lazy\" decoding=\"async\" src=\"https:\/\/www.unidroit.org\/images\/arrows\/black-right-01.gif\" alt=\"black right 01\" width=\"10\" height=\"10\" \/><\/a>\u00a0\u00a0<a href=\"https:\/\/unidroit.org\/english\/governments\/councildocuments\/2019session\/principles-reinsurance-contracts-pres-e.pdf\" target=\"_blank\" rel=\"noopener\">Programme<\/a><\/p>\n<p><a href=\"https:\/\/youtu.be\/z4MtKYZbSE8\" target=\"_blank\" rel=\"noopener\"><img loading=\"lazy\" decoding=\"async\" src=\"https:\/\/www.unidroit.org\/images\/arrows\/black-right-01.gif\" alt=\"black right 01\" width=\"10\" height=\"10\" \/><\/a>\u00a0\u00a0<a href=\"https:\/\/unidroit.org\/fr\/current-studies-fr\/contrats-de-reassurance\" target=\"_blank\" rel=\"noopener\">Pour en savoir davantage sur le projet<\/a><\/p>\n<p>&nbsp;<\/p>\n<p>&nbsp;<\/p>\n","protected":false},"excerpt":{"rendered":"<p>Le 10 mai 2019, en conclusion de la 98\u00e8me session du Conseil de Direction d\u2019UNIDROIT, des membres du Groupe de travail sur le projet sur les Principes du droit des contrats de r\u00e9assurance ont pr\u00e9sent\u00e9 les r\u00e8gles et commentaires finalis\u00e9s des PRICL. Arthur Hartkamp, Vice-Pr\u00e9sident&nbsp;<a href=\"https:\/\/www.unidroit.org\/fr\/presentation-au-conseil-de-direction-dunidroit-du-projet-sur-les-principes-du-droit-en-matiere-de-contrats-de-reassurance\/\">&hellip;<\/a><\/p>\n","protected":false},"author":5,"featured_media":0,"comment_status":"closed","ping_status":"closed","sticky":false,"template":"","format":"standard","meta":{"ep_exclude_from_search":false,"footnotes":""},"categories":[79,28],"tags":[],"class_list":["post-7056","post","type-post","status-publish","format-standard","hentry","category-actualites","category-contracts","odd"],"_links":{"self":[{"href":"https:\/\/www.unidroit.org\/fr\/wp-json\/wp\/v2\/posts\/7056","targetHints":{"allow":["GET"]}}],"collection":[{"href":"https:\/\/www.unidroit.org\/fr\/wp-json\/wp\/v2\/posts"}],"about":[{"href":"https:\/\/www.unidroit.org\/fr\/wp-json\/wp\/v2\/types\/post"}],"author":[{"embeddable":true,"href":"https:\/\/www.unidroit.org\/fr\/wp-json\/wp\/v2\/users\/5"}],"replies":[{"embeddable":true,"href":"https:\/\/www.unidroit.org\/fr\/wp-json\/wp\/v2\/comments?post=7056"}],"version-history":[{"count":0,"href":"https:\/\/www.unidroit.org\/fr\/wp-json\/wp\/v2\/posts\/7056\/revisions"}],"wp:attachment":[{"href":"https:\/\/www.unidroit.org\/fr\/wp-json\/wp\/v2\/media?parent=7056"}],"wp:term":[{"taxonomy":"category","embeddable":true,"href":"https:\/\/www.unidroit.org\/fr\/wp-json\/wp\/v2\/categories?post=7056"},{"taxonomy":"post_tag","embeddable":true,"href":"https:\/\/www.unidroit.org\/fr\/wp-json\/wp\/v2\/tags?post=7056"}],"curies":[{"name":"wp","href":"https:\/\/api.w.org\/{rel}","templated":true}]}}