{"id":7076,"date":"2019-05-07T15:29:33","date_gmt":"2019-05-07T15:29:33","guid":{"rendered":"https:\/\/www.unidroit.org\/?p=7076"},"modified":"2021-08-18T10:17:18","modified_gmt":"2021-08-18T10:17:18","slug":"un-hommage-au-professeur-mazzoni","status":"publish","type":"post","link":"https:\/\/www.unidroit.org\/fr\/un-hommage-au-professeur-mazzoni\/","title":{"rendered":"UN HOMMAGE AU PROFESSEUR MAZZONI"},"content":{"rendered":"<p><a href=\"https:\/\/www.unidroit.org\/english\/news\/2019\/190506-mazzoni\/mazzoni.jpg\"><img loading=\"lazy\" decoding=\"async\" src=\"https:\/\/www.unidroit.org\/english\/news\/2019\/190506-mazzoni\/mazzoni.jpg\" alt=\"mazzoni\" width=\"180\" height=\"127\" \/><\/a>C&#8217;est avec la plus profonde tristesse qu\u2019UNIDROIT annonce le d\u00e9c\u00e8s de son Pr\u00e9sident, le Professeur Alberto Mazzoni, le lundi 6 mai en d\u00e9but d&#8217;apr\u00e8s-midi.<\/p>\n<p>Le Professeur Mazzoni, \u00e2g\u00e9 de 76 ans, avait une \u00e9nergie et un enthousiasme sans pareil. Son attachement et son d\u00e9vouement \u00e0 notre Institut resteront des exemples et son h\u00e9ritage restera grav\u00e9 dans les m\u00e9moires au fil des d\u00e9cennies.<\/p>\n<p>Alors que nous pleurons la perte de notre Pr\u00e9sident, nos pens\u00e9es vont \u00e0 son \u00e9pouse Mona, ses filles Ulrika et Teresa, son fils Matteo, sa famille et de nombreux amis proches.<\/p>\n<p>Nous avons perdu un Pr\u00e9sident extraordinaire mais, surtout, nous avons perdu un homme profond\u00e9ment honn\u00eate et un ami inoubliable.<\/p>\n<p><a href=\"https:\/\/youtu.be\/z4MtKYZbSE8\" target=\"_blank\" rel=\"noopener\"><img loading=\"lazy\" decoding=\"async\" src=\"https:\/\/www.unidroit.org\/images\/arrows\/black-right-01.gif\" alt=\"black right 01\" width=\"10\" height=\"10\" \/><\/a>\u00a0<a href=\"https:\/\/youtu.be\/z4MtKYZbSE8\" target=\"_blank\" rel=\"noopener\">Hommage du Secr\u00e9taire g\u00e9n\u00e9ral \u00e0 l&#8217;ouverture de la 98\u00e8me session du Conseil de direction<\/a><\/p>\n<p>&nbsp;<\/p>\n","protected":false},"excerpt":{"rendered":"<p>C&#8217;est avec la plus profonde tristesse qu\u2019UNIDROIT annonce le d\u00e9c\u00e8s de son Pr\u00e9sident, le Professeur Alberto Mazzoni, le lundi 6 mai en d\u00e9but d&#8217;apr\u00e8s-midi. Le Professeur Mazzoni, \u00e2g\u00e9 de 76 ans, avait une \u00e9nergie et un enthousiasme sans pareil. Son attachement et son d\u00e9vouement \u00e0&nbsp;<a href=\"https:\/\/www.unidroit.org\/fr\/un-hommage-au-professeur-mazzoni\/\">&hellip;<\/a><\/p>\n","protected":false},"author":5,"featured_media":0,"comment_status":"closed","ping_status":"closed","sticky":false,"template":"","format":"standard","meta":{"ep_exclude_from_search":false,"footnotes":""},"categories":[79],"tags":[],"class_list":["post-7076","post","type-post","status-publish","format-standard","hentry","category-actualites","odd"],"_links":{"self":[{"href":"https:\/\/www.unidroit.org\/fr\/wp-json\/wp\/v2\/posts\/7076","targetHints":{"allow":["GET"]}}],"collection":[{"href":"https:\/\/www.unidroit.org\/fr\/wp-json\/wp\/v2\/posts"}],"about":[{"href":"https:\/\/www.unidroit.org\/fr\/wp-json\/wp\/v2\/types\/post"}],"author":[{"embeddable":true,"href":"https:\/\/www.unidroit.org\/fr\/wp-json\/wp\/v2\/users\/5"}],"replies":[{"embeddable":true,"href":"https:\/\/www.unidroit.org\/fr\/wp-json\/wp\/v2\/comments?post=7076"}],"version-history":[{"count":0,"href":"https:\/\/www.unidroit.org\/fr\/wp-json\/wp\/v2\/posts\/7076\/revisions"}],"wp:attachment":[{"href":"https:\/\/www.unidroit.org\/fr\/wp-json\/wp\/v2\/media?parent=7076"}],"wp:term":[{"taxonomy":"category","embeddable":true,"href":"https:\/\/www.unidroit.org\/fr\/wp-json\/wp\/v2\/categories?post=7076"},{"taxonomy":"post_tag","embeddable":true,"href":"https:\/\/www.unidroit.org\/fr\/wp-json\/wp\/v2\/tags?post=7076"}],"curies":[{"name":"wp","href":"https:\/\/api.w.org\/{rel}","templated":true}]}}