{"id":7139,"date":"2019-03-06T15:49:11","date_gmt":"2019-03-06T15:49:11","guid":{"rendered":"https:\/\/www.unidroit.org\/?p=7139"},"modified":"2021-08-18T10:18:06","modified_gmt":"2021-08-18T10:18:06","slug":"unidroit-a-bogota-atelier-sur-lagriculture-contractuelle","status":"publish","type":"post","link":"https:\/\/www.unidroit.org\/fr\/unidroit-a-bogota-atelier-sur-lagriculture-contractuelle\/","title":{"rendered":"UNIDROIT A BOGOTA: ATELIER SUR L\u2019AGRICULTURE CONTRACTUELLE"},"content":{"rendered":"<p><a class=\"jcepopup jcemediabox-image\" title=\"Mme Mar\u00eda O. Lizarazo Beltr\u00e1n (Conseill\u00e8re aupr\u00e8s du Minist\u00e8re de l\u2019agriculture et du d\u00e9veloppement rural), Mme Fr\u00e9d\u00e9rique Mestre (Fonctionnaire principale, UNIDROIT), M. Carlos A. Da Silva\" href=\"https:\/\/www.unidroit.org\/english\/news\/2019\/190228-cf-bogota\/unidroit-contract-farming-bogota-img02.jpg\" data-mediabox=\"1\" data-mediabox-title=\"Mme Mar\u00eda O. Lizarazo Beltr\u00e1n (Conseill\u00e8re aupr\u00e8s du Minist\u00e8re de l\u2019agriculture et du d\u00e9veloppement rural), Mme Fr\u00e9d\u00e9rique Mestre (Fonctionnaire principale, UNIDROIT), M. Carlos A. Da Silva\"><img loading=\"lazy\" decoding=\"async\" src=\"https:\/\/www.unidroit.org\/english\/news\/2019\/190228-cf-bogota\/unidroit-contract-farming-bogota-img02.jpg\" alt=\"unidroit contract farming bogota img02\" width=\"180\" height=\"110\" \/><\/a>Le 28 f\u00e9vrier 2019, Mme Fr\u00e9d\u00e9rique Mestre (Fonctionnaire principale, UNIDROIT) a fait une pr\u00e9sentation intitul\u00e9e \u201cInternational Regulatory Models for Contract Farming\u201d dans le cadre de l\u2019Atelier \u201cAgricultura por contrato \u2013 Aspectos legales y regulatorios, ordenamiento productivo, instrumentos financieros\u201d, organis\u00e9 par&#8230;<\/p>\n<p>le Minist\u00e8re de l\u2019agriculture et du d\u00e9veloppement rural de Colombie (MADR), l\u2019Union europ\u00e9enne (Programme First) et la FAO de Colombie destin\u00e9 \u00e0 ouvrir la voie \u00e0 un programme prioritaire lanc\u00e9 par le Gouvernement fin 2018 pour promouvoir l&#8217;agriculture contractuelle comme outil de d\u00e9veloppement rural.<\/p>\n<p>Le 28 f\u00e9vrier 2019, Mme Fr\u00e9d\u00e9rique Mestre, a fait une pr\u00e9sentation intitul\u00e9e \u201cInternational Regulatory Models for Contract Farming\u201d dans le cadre de l\u2019Atelier \u00a0&#8220;Agricultura por contrato &#8211; Aspectos legales y regulatorios, ordenamiento productivo, instrumentos financieros&#8221; &#8211; organis\u00e9 par le Minist\u00e8re de l&#8217;agriculture et du d\u00e9veloppement rural (MADR) de Colombie, l&#8217;Union europ\u00e9enne (Programme First) et la FAO de Colombie destin\u00e9 \u00e0 ouvrir la voie \u00e0 un programme prioritaire lanc\u00e9 le 7 d\u00e9cembre 2018 par le Pr\u00e9sident Iv\u00e1n Duque et par le Ministre de l&#8217;agriculture et du d\u00e9veloppement rural Andr\u00e9s Valencia pour promouvoir l&#8217;agriculture contractuelle comme outil de d\u00e9veloppement rural. Le but du programme strat\u00e9gique &#8220;Coseche, venda a la fija&#8221; \u00e9tait de faciliter les relations directes entre les agriculteurs et les acteurs de l&#8217;industrie et du march\u00e9, l&#8217;objectif \u00e9tant d&#8217;assurer au moins 300 000 petits producteurs dans ce cadre d&#8217;ici 2022.<\/p>\n<p><a class=\"jcepopup jcemediabox-image\" title=\"Mme Marcela Urue\u00f1a G\u00f3mez (Vice- Ministre des affaires agricoles)  et M Alan Bojanic (Repr\u00e9sentant de la FAO en Colombie)\" href=\"https:\/\/www.unidroit.org\/english\/news\/2019\/190228-cf-bogota\/unidroit-contract-farming-bogota-img01.jpg\" data-mediabox=\"1\" data-mediabox-title=\"Mme Marcela Urue\u00f1a G\u00f3mez (Vice- Ministre des affaires agricoles)  et M Alan Bojanic (Repr\u00e9sentant de la FAO en Colombie)\"><img loading=\"lazy\" decoding=\"async\" src=\"https:\/\/www.unidroit.org\/english\/news\/2019\/190228-cf-bogota\/unidroit-contract-farming-bogota-img01.jpg\" alt=\"unidroit contract farming bogota img01\" width=\"180\" height=\"104\" \/><\/a>Ont particip\u00e9 \u00e0 l&#8217;Atelier des repr\u00e9sentants des agences relevant de la comp\u00e9tence du MADR et d&#8217;autres institutions du secteur agricole, des repr\u00e9sentants du secteur priv\u00e9 et de la soci\u00e9t\u00e9 civile, sous la pr\u00e9sidence de Mme Marcela Urue\u00f1a, Vice-Ministre des affaires agricoles, ainsi que M. Alan Bojanic, Repr\u00e9sentant de la FAO en Colombie et M. Francisco Garc\u00eda Garc\u00eda, Chef de la coop\u00e9ration europ\u00e9enne en Colombie. Ce dernier a annonc\u00e9 que l&#8217;Union europ\u00e9enne continuerait \u00e0 soutenir le d\u00e9veloppement rural en Colombie en investissant 65 milliards de pesos en 2019.<\/p>\n<p>Outre Mme Fr\u00e9d\u00e9rique Mestre qui a illustr\u00e9 l&#8217;approche du Guide juridique UNIDROIT\/FAO\/FIDA sur l&#8217;agriculture contractuelle et en a pr\u00e9sent\u00e9 les messages essentiels, les experts internationaux suivants ont particip\u00e9 \u00e0 l&#8217;Atelier : M. Carlos A. Da Silva, \u00e9conomiste en agro-industrie et ancien membre du Groupe de travail sur l&#8217;infrastructure rurale et de la Division de l&#8217;agro-industrie de la FAO \u00e0 Rome, M. Carlos Mermot, coordinateur du programme Mercosur du FIDA \u00a0et M. \u00c1lvaro Ramos, consultant international de l&#8217;Universit\u00e9 CLAEH et ancien Ministre de l&#8217;agriculture et des relations ext\u00e9rieures de l&#8217;Uruguay.<\/p>\n<p><a href=\"https:\/\/www.unidroit.org\/english\/news\/2019\/190228-cf-bogota\/unidroit-contract-farming-bogota-img03.jpg\"><img loading=\"lazy\" decoding=\"async\" src=\"https:\/\/www.unidroit.org\/english\/news\/2019\/190228-cf-bogota\/unidroit-contract-farming-bogota-img03.jpg\" alt=\"unidroit contract farming bogota img03\" width=\"555\" height=\"197\" \/><\/a><\/p>\n<p>Des experts nationaux ont \u00e9galement pris part au programme, notamment M. Camilo Montes, Directeur de la Chambre de l&#8217;industrie alimentaire de l&#8217;Association nationale des entreprises de Colombie &#8211; ANDI ; M. Dairo Estrada, Pr\u00e9sident du Fonds de financement du secteur agroalimentaire &#8211; FINAGRO ; et Mme Catalina Sandoval, Vice-pr\u00e9sidente des affaires g\u00e9n\u00e9rales de la Soci\u00e9t\u00e9 agricole colombienne \u2013 SAC.<\/p>\n<p><img loading=\"lazy\" decoding=\"async\" src=\"https:\/\/www.unidroit.org\/images\/arrows\/black-right-01.gif\" alt=\"black right 01\" width=\"12\" height=\"12\" \/>\u00a0<a href=\"https:\/\/www.unidroit.org\/english\/news\/2019\/190228-cf-bogota\/programme-e.pdf\">Agenda<\/a><\/p>\n<p><img loading=\"lazy\" decoding=\"async\" src=\"https:\/\/www.unidroit.org\/images\/arrows\/black-right-01.gif\" alt=\"black right 01\" width=\"12\" height=\"12\" \/>\u00a0<a href=\"http:\/\/www.fao.org\/colombia\/noticias\/detail-events\/es\/c\/1183587\/\" target=\"_blank\" rel=\"noopener\">Press release<\/a><\/p>\n<p><img loading=\"lazy\" decoding=\"async\" src=\"https:\/\/www.unidroit.org\/images\/arrows\/black-right-01.gif\" alt=\"black right 01\" width=\"12\" height=\"12\" \/>\u00a0<a href=\"https:\/\/unidroit.org\/instruments\/contract-farming\/legal-guide\" target=\"_blank\" rel=\"noopener\">UNIDROIT\/FAO\/IFAD Legal Guide on Contract Farming<\/a><\/p>\n<p><img loading=\"lazy\" decoding=\"async\" src=\"https:\/\/www.unidroit.org\/images\/arrows\/black-right-01.gif\" alt=\"black right 01\" width=\"12\" height=\"12\" \/>\u00a0<a href=\"https:\/\/unidroit.org\/instruments\/contract-farming\/legal-guide\" target=\"_blank\" rel=\"noopener\">UNIDROIT Webpage on Contract Farming<\/a><\/p>\n<p><img loading=\"lazy\" decoding=\"async\" src=\"https:\/\/www.unidroit.org\/images\/arrows\/black-right-01.gif\" alt=\"black right 01\" width=\"12\" height=\"12\" \/>\u00a0<a href=\"https:\/\/unidroit.org\/community-of-practice\/home\" target=\"_blank\" rel=\"noopener\">UNIDROIT Forum on Legal Aspects of Contract Farming<\/a><\/p>\n<p>&nbsp;<\/p>\n<p>&nbsp;<\/p>\n","protected":false},"excerpt":{"rendered":"<p>Le 28 f\u00e9vrier 2019, Mme Fr\u00e9d\u00e9rique Mestre (Fonctionnaire principale, UNIDROIT) a fait une pr\u00e9sentation intitul\u00e9e \u201cInternational Regulatory Models for Contract Farming\u201d dans le cadre de l\u2019Atelier \u201cAgricultura por contrato \u2013 Aspectos legales y regulatorios, ordenamiento productivo, instrumentos financieros\u201d, organis\u00e9 par&#8230; le Minist\u00e8re de l\u2019agriculture et&nbsp;<a href=\"https:\/\/www.unidroit.org\/fr\/unidroit-a-bogota-atelier-sur-lagriculture-contractuelle\/\">&hellip;<\/a><\/p>\n","protected":false},"author":5,"featured_media":0,"comment_status":"closed","ping_status":"closed","sticky":false,"template":"","format":"standard","meta":{"ep_exclude_from_search":false,"footnotes":""},"categories":[79,70],"tags":[],"class_list":["post-7139","post","type-post","status-publish","format-standard","hentry","category-actualites","category-contract-farming","odd"],"_links":{"self":[{"href":"https:\/\/www.unidroit.org\/fr\/wp-json\/wp\/v2\/posts\/7139","targetHints":{"allow":["GET"]}}],"collection":[{"href":"https:\/\/www.unidroit.org\/fr\/wp-json\/wp\/v2\/posts"}],"about":[{"href":"https:\/\/www.unidroit.org\/fr\/wp-json\/wp\/v2\/types\/post"}],"author":[{"embeddable":true,"href":"https:\/\/www.unidroit.org\/fr\/wp-json\/wp\/v2\/users\/5"}],"replies":[{"embeddable":true,"href":"https:\/\/www.unidroit.org\/fr\/wp-json\/wp\/v2\/comments?post=7139"}],"version-history":[{"count":0,"href":"https:\/\/www.unidroit.org\/fr\/wp-json\/wp\/v2\/posts\/7139\/revisions"}],"wp:attachment":[{"href":"https:\/\/www.unidroit.org\/fr\/wp-json\/wp\/v2\/media?parent=7139"}],"wp:term":[{"taxonomy":"category","embeddable":true,"href":"https:\/\/www.unidroit.org\/fr\/wp-json\/wp\/v2\/categories?post=7139"},{"taxonomy":"post_tag","embeddable":true,"href":"https:\/\/www.unidroit.org\/fr\/wp-json\/wp\/v2\/tags?post=7139"}],"curies":[{"name":"wp","href":"https:\/\/api.w.org\/{rel}","templated":true}]}}