{"id":7155,"date":"2019-02-06T15:54:23","date_gmt":"2019-02-06T15:54:23","guid":{"rendered":"https:\/\/www.unidroit.org\/?p=7155"},"modified":"2021-08-18T10:18:07","modified_gmt":"2021-08-18T10:18:07","slug":"participation-dunidroit-a-latelier-de-travail-sur-la-convention-du-cap-en-france","status":"publish","type":"post","link":"https:\/\/www.unidroit.org\/fr\/participation-dunidroit-a-latelier-de-travail-sur-la-convention-du-cap-en-france\/","title":{"rendered":"PARTICIPATION D\u2019UNIDROIT A L\u2019ATELIER DE TRAVAIL SUR LA CONVENTION DU CAP EN FRANCE"},"content":{"rendered":"<p><a href=\"https:\/\/www.unidroit.org\/french\/news\/2019\/190201-ctc-paris\/unidroit-ctc-paris-pict01.jpg\"><img loading=\"lazy\" decoding=\"async\" src=\"https:\/\/www.unidroit.org\/french\/news\/2019\/190201-ctc-paris\/unidroit-ctc-paris-pict01.jpg\" alt=\"unidroit ctc paris pict01\" width=\"180\" height=\"104\" \/><\/a>Le 1er f\u00e9vrier 2019, le Secr\u00e9tariat d&#8217;UNIDROIT a particip\u00e9 \u00e0 un Atelier de consultation sur l&#8217;\u00e9ventuelle ratification par la France de la Convention du Cap.<\/p>\n<p>Organis\u00e9 par l&#8217;Universit\u00e9 Paris II (Panth\u00e9on-Assas), l\u2019Atelier a r\u00e9uni des experts internationaux, des repr\u00e9sentants de gouvernements, des juristes du secteur priv\u00e9 et des universitaires pour discuter des avantages et des d\u00e9fis li\u00e9s \u00e0 l&#8217;application de la Convention du Cap et de ses Protocoles. Des pr\u00e9sentations ont \u00e9t\u00e9 faites par divers experts sur la Convention du Cap, le Protocole a\u00e9ronautique, le Protocole ferroviaire de Luxembourg et le futur Protocole MAC. Les experts fran\u00e7ais ont jou\u00e9 un r\u00f4le central dans le d\u00e9roulement de l&#8217;Atelier, avec des expos\u00e9s du Professeur Pierre Crocq (Universit\u00e9 Paris II Panth\u00e9on-Assas) sur le fonctionnement de la Convention du Cap par rapport aux lois fran\u00e7aises sur les op\u00e9rations garanties, et du Professeur Jean-Fran\u00e7ois Riffard (Universit\u00e9 Clermont Ferrand) sur les d\u00e9clarations qui seraient les plus appropri\u00e9es pour la France.<\/p>\n<p>-&gt;\u00a0<a href=\"https:\/\/www.unidroit.org\/french\/news\/2019\/190201-ctc-paris\/programme-f.pdf\">Programme<\/a><\/p>\n","protected":false},"excerpt":{"rendered":"<p>Le 1er f\u00e9vrier 2019, le Secr\u00e9tariat d&#8217;UNIDROIT a particip\u00e9 \u00e0 un Atelier de consultation sur l&#8217;\u00e9ventuelle ratification par la France de la Convention du Cap. Organis\u00e9 par l&#8217;Universit\u00e9 Paris II (Panth\u00e9on-Assas), l\u2019Atelier a r\u00e9uni des experts internationaux, des repr\u00e9sentants de gouvernements, des juristes du secteur&nbsp;<a href=\"https:\/\/www.unidroit.org\/fr\/participation-dunidroit-a-latelier-de-travail-sur-la-convention-du-cap-en-france\/\">&hellip;<\/a><\/p>\n","protected":false},"author":5,"featured_media":0,"comment_status":"closed","ping_status":"closed","sticky":false,"template":"","format":"standard","meta":{"ep_exclude_from_search":false,"footnotes":""},"categories":[79,195],"tags":[],"class_list":["post-7155","post","type-post","status-publish","format-standard","hentry","category-actualites","category-cape-town-convention","odd"],"_links":{"self":[{"href":"https:\/\/www.unidroit.org\/fr\/wp-json\/wp\/v2\/posts\/7155","targetHints":{"allow":["GET"]}}],"collection":[{"href":"https:\/\/www.unidroit.org\/fr\/wp-json\/wp\/v2\/posts"}],"about":[{"href":"https:\/\/www.unidroit.org\/fr\/wp-json\/wp\/v2\/types\/post"}],"author":[{"embeddable":true,"href":"https:\/\/www.unidroit.org\/fr\/wp-json\/wp\/v2\/users\/5"}],"replies":[{"embeddable":true,"href":"https:\/\/www.unidroit.org\/fr\/wp-json\/wp\/v2\/comments?post=7155"}],"version-history":[{"count":0,"href":"https:\/\/www.unidroit.org\/fr\/wp-json\/wp\/v2\/posts\/7155\/revisions"}],"wp:attachment":[{"href":"https:\/\/www.unidroit.org\/fr\/wp-json\/wp\/v2\/media?parent=7155"}],"wp:term":[{"taxonomy":"category","embeddable":true,"href":"https:\/\/www.unidroit.org\/fr\/wp-json\/wp\/v2\/categories?post=7155"},{"taxonomy":"post_tag","embeddable":true,"href":"https:\/\/www.unidroit.org\/fr\/wp-json\/wp\/v2\/tags?post=7155"}],"curies":[{"name":"wp","href":"https:\/\/api.w.org\/{rel}","templated":true}]}}