{"id":7159,"date":"2019-02-01T15:55:32","date_gmt":"2019-02-01T15:55:32","guid":{"rendered":"https:\/\/www.unidroit.org\/?p=7159"},"modified":"2021-08-18T10:18:07","modified_gmt":"2021-08-18T10:18:07","slug":"unidroit-a-linauguration-de-lannee-judiciaire-2019-a-milan","status":"publish","type":"post","link":"https:\/\/www.unidroit.org\/fr\/unidroit-a-linauguration-de-lannee-judiciaire-2019-a-milan\/","title":{"rendered":"UNIDROIT A L\u2019INAUGURATION DE L\u2019ANNEE JUDICIAIRE 2019 A MILAN"},"content":{"rendered":"<p><a href=\"https:\/\/www.unidroit.org\/english\/news\/2019\/190125-judicial-year-milan\/flyer-e.jpg\"><img loading=\"lazy\" decoding=\"async\" src=\"https:\/\/www.unidroit.org\/english\/news\/2019\/190125-judicial-year-milan\/flyer-e.jpg\" alt=\"flyer e\" width=\"105\" height=\"150\" \/><\/a>Le 25 janvier 2019, Mme Marina Schneider, Juriste principale et D\u00e9positaire des Trait\u00e9s, \u00e0 UNIDROIT, a pr\u00e9sent\u00e9 la Convention d&#8217;UNIDROIT de 1995 sur les biens culturels vol\u00e9s ou illicitement export\u00e9s lors d&#8217;une conf\u00e9rence intitul\u00e9e &#8220;La circulation internationale des \u0153uvres d&#8217;art&#8221; organis\u00e9e par le Comit\u00e9 des relations internationales (CRINT) du Barreau de Milan \u00e0 l\u2019occasion de l&#8217;inauguration de l&#8217;ann\u00e9e judiciaire 2019 de la Cour d&#8217;Appel de Milan.<\/p>\n<p>Une premi\u00e8re session a \u00e9t\u00e9 consacr\u00e9e \u00e0 une vue d&#8217;ensemble du syst\u00e8me italien, puis \u00e0 des pr\u00e9sentations sur la Convention de l&#8217;UNESCO de 1970 et la Convention d&#8217;UNIDROIT de 1995 ainsi que sur le cadre juridique europ\u00e9en, la circulation des biens entre la Suisse et l&#8217;Italie et le fonctionnement des ventes dans les maisons de vente aux ench\u00e8res. Elle a \u00e9t\u00e9 suivie d&#8217;une table ronde \u00e0 laquelle ont particip\u00e9 des repr\u00e9sentants des associations de barreaux \u00e9trangers (Allemagne, Belgique, Bulgarie, Espagne, Pologne, Royaume-Uni, Suisse et Ukraine).<\/p>\n<p>&nbsp;<\/p>\n<p><a href=\"https:\/\/www.unidroit.org\/english\/news\/2019\/190125-judicial-year-milan\/2019-judicial-year-milan-pict01.jpg\"><img loading=\"lazy\" decoding=\"async\" src=\"https:\/\/www.unidroit.org\/english\/news\/2019\/190125-judicial-year-milan\/2019-judicial-year-milan-pict01.jpg\" alt=\"2019 judicial year milan pict01\" width=\"265\" height=\"163\" \/><\/a><\/p>\n<p>La conf\u00e9rence a \u00e9t\u00e9 ouverte par Me Remo Danovi, Pr\u00e9sident du Barreau de Milan, par le Prof. Elio Franzini, Recteur Magnificus de l\u2019Universit\u00e9 d\u2019Etat de Milan, par Me Paola Frassinetti, D\u00e9put\u00e9e au Parlement italien et Vice-pr\u00e9sidente de la Commission de la culture, des sciences et de l&#8217;\u00e9ducation,et par Messieurs Mario Dusi et Pietro Traini, Pr\u00e9sidents du CRINT.<\/p>\n<p>-&gt;\u00a0<a href=\"https:\/\/www.unidroit.org\/english\/news\/2019\/190125-judicial-year-milan\/programme-e.pdf\">Programme<\/a><\/p>\n","protected":false},"excerpt":{"rendered":"<p>Le 25 janvier 2019, Mme Marina Schneider, Juriste principale et D\u00e9positaire des Trait\u00e9s, \u00e0 UNIDROIT, a pr\u00e9sent\u00e9 la Convention d&#8217;UNIDROIT de 1995 sur les biens culturels vol\u00e9s ou illicitement export\u00e9s lors d&#8217;une conf\u00e9rence intitul\u00e9e &#8220;La circulation internationale des \u0153uvres d&#8217;art&#8221; organis\u00e9e par le Comit\u00e9 des&nbsp;<a href=\"https:\/\/www.unidroit.org\/fr\/unidroit-a-linauguration-de-lannee-judiciaire-2019-a-milan\/\">&hellip;<\/a><\/p>\n","protected":false},"author":5,"featured_media":0,"comment_status":"closed","ping_status":"closed","sticky":false,"template":"","format":"standard","meta":{"ep_exclude_from_search":false,"footnotes":""},"categories":[79,29],"tags":[],"class_list":["post-7159","post","type-post","status-publish","format-standard","hentry","category-actualites","category-cultural-property","odd"],"_links":{"self":[{"href":"https:\/\/www.unidroit.org\/fr\/wp-json\/wp\/v2\/posts\/7159","targetHints":{"allow":["GET"]}}],"collection":[{"href":"https:\/\/www.unidroit.org\/fr\/wp-json\/wp\/v2\/posts"}],"about":[{"href":"https:\/\/www.unidroit.org\/fr\/wp-json\/wp\/v2\/types\/post"}],"author":[{"embeddable":true,"href":"https:\/\/www.unidroit.org\/fr\/wp-json\/wp\/v2\/users\/5"}],"replies":[{"embeddable":true,"href":"https:\/\/www.unidroit.org\/fr\/wp-json\/wp\/v2\/comments?post=7159"}],"version-history":[{"count":0,"href":"https:\/\/www.unidroit.org\/fr\/wp-json\/wp\/v2\/posts\/7159\/revisions"}],"wp:attachment":[{"href":"https:\/\/www.unidroit.org\/fr\/wp-json\/wp\/v2\/media?parent=7159"}],"wp:term":[{"taxonomy":"category","embeddable":true,"href":"https:\/\/www.unidroit.org\/fr\/wp-json\/wp\/v2\/categories?post=7159"},{"taxonomy":"post_tag","embeddable":true,"href":"https:\/\/www.unidroit.org\/fr\/wp-json\/wp\/v2\/tags?post=7159"}],"curies":[{"name":"wp","href":"https:\/\/api.w.org\/{rel}","templated":true}]}}