{"id":7163,"date":"2019-01-29T15:56:41","date_gmt":"2019-01-29T15:56:41","guid":{"rendered":"https:\/\/www.unidroit.org\/?p=7163"},"modified":"2021-08-18T10:18:08","modified_gmt":"2021-08-18T10:18:08","slug":"le-registre-international-du-protocole-aeronautique-celebre-la-millionieme-inscription","status":"publish","type":"post","link":"https:\/\/www.unidroit.org\/fr\/le-registre-international-du-protocole-aeronautique-celebre-la-millionieme-inscription\/","title":{"rendered":"LE REGISTRE INTERNATIONAL DU PROTOCOLE AERONAUTIQUE CELEBRE LA MILLIONIEME INSCRIPTION"},"content":{"rendered":"<p><a href=\"https:\/\/www.unidroit.org\/english\/news\/2019\/190122-ctc-ac-dublin\/ctc-ac-goode-dublin-pict04.jpg\"><img loading=\"lazy\" decoding=\"async\" src=\"https:\/\/www.unidroit.org\/english\/news\/2019\/190122-ctc-ac-dublin\/ctc-ac-goode-dublin-pict04.jpg\" alt=\"ctc ac goode dublin pict04\" width=\"180\" height=\"103\" \/><\/a>Le 22 janvier, le Secr\u00e9tariat d&#8217;UNIDROIT a particip\u00e9 \u00e0 un \u00e9v\u00e9nement sp\u00e9cial \u00e0 Dublin (Irlande) qui c\u00e9l\u00e9brait la millioni\u00e8me inscription au Registre international pour les biens a\u00e9ronautiques, tel qu&#8217;\u00e9tabli par le Protocole a\u00e9ronautique \u00e0 la Convention du Cap.<\/p>\n<p>L&#8217;\u00e9v\u00e9nement a \u00e9t\u00e9 organis\u00e9 par Aviareto, la joint venture entre SITA et le Gouvernement irlandais qui g\u00e8re le Registre international depuis 2006. A cette occasion, Les discours prononc\u00e9s par Rob Cowan (Directeur g\u00e9n\u00e9ral d&#8217;Aviareto), Sir Roy Goode (auteur du Commentaire officiel du Protocole a\u00e9ronautique) et Michael D&#8217;Arcy TD (Ministre d&#8217;Etat aupr\u00e8s du D\u00e9partement irlandais des Finances) ont marqu\u00e9 l\u2019\u00e9v\u00e9nement. Plus d&#8217;un 500 milliards de dollars d&#8217;actifs ont \u00e9t\u00e9 inscrits en toute s\u00e9curit\u00e9 dans le Registre international. Depuis sa cr\u00e9ation en 2001, le Protocole a\u00e9ronautique compte 75 Etats contractants et il a \u00e9t\u00e9 approuv\u00e9 par l&#8217;Union europ\u00e9enne.<\/p>\n<p>&nbsp;<\/p>\n","protected":false},"excerpt":{"rendered":"<p>Le 22 janvier, le Secr\u00e9tariat d&#8217;UNIDROIT a particip\u00e9 \u00e0 un \u00e9v\u00e9nement sp\u00e9cial \u00e0 Dublin (Irlande) qui c\u00e9l\u00e9brait la millioni\u00e8me inscription au Registre international pour les biens a\u00e9ronautiques, tel qu&#8217;\u00e9tabli par le Protocole a\u00e9ronautique \u00e0 la Convention du Cap. L&#8217;\u00e9v\u00e9nement a \u00e9t\u00e9 organis\u00e9 par Aviareto, la&nbsp;<a href=\"https:\/\/www.unidroit.org\/fr\/le-registre-international-du-protocole-aeronautique-celebre-la-millionieme-inscription\/\">&hellip;<\/a><\/p>\n","protected":false},"author":5,"featured_media":0,"comment_status":"closed","ping_status":"closed","sticky":false,"template":"","format":"standard","meta":{"ep_exclude_from_search":false,"footnotes":""},"categories":[79],"tags":[],"class_list":["post-7163","post","type-post","status-publish","format-standard","hentry","category-actualites","odd"],"_links":{"self":[{"href":"https:\/\/www.unidroit.org\/fr\/wp-json\/wp\/v2\/posts\/7163","targetHints":{"allow":["GET"]}}],"collection":[{"href":"https:\/\/www.unidroit.org\/fr\/wp-json\/wp\/v2\/posts"}],"about":[{"href":"https:\/\/www.unidroit.org\/fr\/wp-json\/wp\/v2\/types\/post"}],"author":[{"embeddable":true,"href":"https:\/\/www.unidroit.org\/fr\/wp-json\/wp\/v2\/users\/5"}],"replies":[{"embeddable":true,"href":"https:\/\/www.unidroit.org\/fr\/wp-json\/wp\/v2\/comments?post=7163"}],"version-history":[{"count":0,"href":"https:\/\/www.unidroit.org\/fr\/wp-json\/wp\/v2\/posts\/7163\/revisions"}],"wp:attachment":[{"href":"https:\/\/www.unidroit.org\/fr\/wp-json\/wp\/v2\/media?parent=7163"}],"wp:term":[{"taxonomy":"category","embeddable":true,"href":"https:\/\/www.unidroit.org\/fr\/wp-json\/wp\/v2\/categories?post=7163"},{"taxonomy":"post_tag","embeddable":true,"href":"https:\/\/www.unidroit.org\/fr\/wp-json\/wp\/v2\/tags?post=7163"}],"curies":[{"name":"wp","href":"https:\/\/api.w.org\/{rel}","templated":true}]}}