{"id":7201,"date":"2018-11-12T16:10:11","date_gmt":"2018-11-12T16:10:11","guid":{"rendered":"https:\/\/www.unidroit.org\/?p=7201"},"modified":"2021-08-18T10:19:25","modified_gmt":"2021-08-18T10:19:25","slug":"participation-dunidroit-a-la-semaine-droit-justice-et-developpement-djd-de-la-banque-mondiale","status":"publish","type":"post","link":"https:\/\/www.unidroit.org\/fr\/participation-dunidroit-a-la-semaine-droit-justice-et-developpement-djd-de-la-banque-mondiale\/","title":{"rendered":"PARTICIPATION D\u2019UNIDROIT A LA SEMAINE \u201cDROIT, JUSTICE ET DEVELOPPEMENT (DJD)\u201d DE LA BANQUE MONDIALE"},"content":{"rendered":"<p>Le Professeur Ignacio Tirado, Secr\u00e9taire G\u00e9n\u00e9ral d\u2019UNIDROIT, a particip\u00e9 \u00e0 la Semaine DJD de la Banque mondiale (Washington, 5-9 novembre 2018) afin de poursuivre la collaboration d\u2019UNIDROIT avec le Groupe de la Banque mondiale et le Global Forum sur le DJD et de sensibiliser aux activit\u00e9s d\u2019UNIDROIT avec la tenue de deux sessions. Tout d&#8217;abord, lors d&#8217;une s\u00e9ance intitul\u00e9e \u201cUNIDROIT Secretary-General\u2019s Vision on Law and Development\u201d le 7 novembre il a discut\u00e9 sur la fa\u00e7on dont UNIDROIT pourrait soutenir l&#8217;autonomisation \u00e9conomique et la r\u00e9alisation des objectifs de d\u00e9veloppement durable, avec Mme Nathalie Rey (Conseill\u00e8re principale, Export-Import Bank of the United States of America) \u00e0 propos du futur protocole MAC et avec Mme Yuliya Panfil (Responsable Investissements, Property Rights Initiative, R\u00e9seau Omidyar) \u00e0 propos du futur Guide juridique sur les contrats d\u2019investissement en terres agricoles. Puis, le 8 novembre, lors d\u2019une s\u00e9ance intitul\u00e9e \u201cCommunity of Practice on Private Law and Agricultural Development\u201d, il a examin\u00e9, avec le Professeur Thomas McInerney (Rule of Law for Development Institute, Facult\u00e9 de droit, Universit\u00e9 Loyola Chicago), comment la Communaut\u00e9 de Pratique du Forum mondial de pratique pourrait promouvoir les travaux d\u2019UNIDROIT dans ce domaine, contribuer \u00e0 un environnement juridique plus \u00e9quitable et plus s\u00fbr et r\u00e9pondre aux d\u00e9fis \u00e9conomiques et sociaux de l\u2019agriculture.<\/p>\n<p>-&gt;\u00a0<a href=\"https:\/\/www.unidroit.org\/agriculture\">UNIDROIT\u2019s work and instruments in the area of agriculture<\/a><\/p>\n<p>-&gt;\u00a0<a href=\"https:\/\/www.worldbank.org\/en\/events\/2018\/05\/25\/law-justice-and-development-week-2018-rights-protection-and-development\" target=\"_blank\" rel=\"noopener\">LJD Week 2018<\/a><\/p>\n<p>-&gt;\u00a0<a href=\"http:\/\/www.globalforumljd.com\/\" target=\"_blank\" rel=\"noopener\">Global Forum on LJD<\/a><\/p>\n<p>&nbsp;<\/p>\n<table>\n<tbody>\n<tr>\n<td><a href=\"https:\/\/www.unidroit.org\/english\/news\/2018\/181105-world-bank-law-washington\/unidroit-world-bank-law-pict01.jpg\"><img loading=\"lazy\" decoding=\"async\" src=\"https:\/\/www.unidroit.org\/english\/news\/2018\/181105-world-bank-law-washington\/unidroit-world-bank-law-pict01.jpg\" alt=\"unidroit world bank law pict01\" width=\"225\" height=\"160\" \/><\/a><\/td>\n<td><\/td>\n<td>\u00a0<img loading=\"lazy\" decoding=\"async\" src=\"https:\/\/www.unidroit.org\/english\/news\/2018\/181105-world-bank-law-washington\/unidroit-world-bank-law-pict02.jpg\" alt=\"unidroit world bank law pict02\" width=\"258\" height=\"160\" \/><\/td>\n<\/tr>\n<tr>\n<td><em>De g. \u00e0 d.: Mme Nathalie Rey, Prof. Ignacio Tirado<br \/>\n(Secr\u00e9taire G\u00e9n\u00e9ral, UNIDROIT) et Mme Yuliya Panfil<\/em><\/td>\n<td><\/td>\n<td><em>Prof. Ignacio Tirado, Secr\u00e9taire G\u00e9n\u00e9ral,<br \/>\net Prof. Thomas McInerney<\/em><\/td>\n<\/tr>\n<\/tbody>\n<\/table>\n","protected":false},"excerpt":{"rendered":"<p>Le Professeur Ignacio Tirado, Secr\u00e9taire G\u00e9n\u00e9ral d\u2019UNIDROIT, a particip\u00e9 \u00e0 la Semaine DJD de la Banque mondiale (Washington, 5-9 novembre 2018) afin de poursuivre la collaboration d\u2019UNIDROIT avec le Groupe de la Banque mondiale et le Global Forum sur le DJD et de sensibiliser aux&nbsp;<a href=\"https:\/\/www.unidroit.org\/fr\/participation-dunidroit-a-la-semaine-droit-justice-et-developpement-djd-de-la-banque-mondiale\/\">&hellip;<\/a><\/p>\n","protected":false},"author":5,"featured_media":0,"comment_status":"closed","ping_status":"closed","sticky":false,"template":"","format":"standard","meta":{"ep_exclude_from_search":false,"footnotes":""},"categories":[79],"tags":[],"class_list":["post-7201","post","type-post","status-publish","format-standard","hentry","category-actualites","odd"],"_links":{"self":[{"href":"https:\/\/www.unidroit.org\/fr\/wp-json\/wp\/v2\/posts\/7201","targetHints":{"allow":["GET"]}}],"collection":[{"href":"https:\/\/www.unidroit.org\/fr\/wp-json\/wp\/v2\/posts"}],"about":[{"href":"https:\/\/www.unidroit.org\/fr\/wp-json\/wp\/v2\/types\/post"}],"author":[{"embeddable":true,"href":"https:\/\/www.unidroit.org\/fr\/wp-json\/wp\/v2\/users\/5"}],"replies":[{"embeddable":true,"href":"https:\/\/www.unidroit.org\/fr\/wp-json\/wp\/v2\/comments?post=7201"}],"version-history":[{"count":0,"href":"https:\/\/www.unidroit.org\/fr\/wp-json\/wp\/v2\/posts\/7201\/revisions"}],"wp:attachment":[{"href":"https:\/\/www.unidroit.org\/fr\/wp-json\/wp\/v2\/media?parent=7201"}],"wp:term":[{"taxonomy":"category","embeddable":true,"href":"https:\/\/www.unidroit.org\/fr\/wp-json\/wp\/v2\/categories?post=7201"},{"taxonomy":"post_tag","embeddable":true,"href":"https:\/\/www.unidroit.org\/fr\/wp-json\/wp\/v2\/tags?post=7201"}],"curies":[{"name":"wp","href":"https:\/\/api.w.org\/{rel}","templated":true}]}}