{"id":7229,"date":"2018-10-18T16:18:33","date_gmt":"2018-10-18T16:18:33","guid":{"rendered":"https:\/\/www.unidroit.org\/?p=7229"},"modified":"2021-08-18T10:19:27","modified_gmt":"2021-08-18T10:19:27","slug":"unidroit-tient-une-reunion-dinformation-sur-le-protocole-ferroviaire-de-luxembourg-pour-les-parties-prenantes-espagnoles","status":"publish","type":"post","link":"https:\/\/www.unidroit.org\/fr\/unidroit-tient-une-reunion-dinformation-sur-le-protocole-ferroviaire-de-luxembourg-pour-les-parties-prenantes-espagnoles\/","title":{"rendered":"UNIDROIT TIENT UNE REUNION D\u2019INFORMATION SUR LE PROTOCOLE FERROVIAIRE DE LUXEMBOURG POUR LES PARTIES PRENANTES ESPAGNOLES"},"content":{"rendered":"<table>\n<tbody>\n<tr>\n<td><a href=\"https:\/\/www.unidroit.org\/english\/news\/2018\/181017-rail-madrid\/rail-madrid-pict01.jpg\"><img loading=\"lazy\" decoding=\"async\" src=\"https:\/\/www.unidroit.org\/english\/news\/2018\/181017-rail-madrid\/rail-madrid-pict01.jpg\" alt=\"rail madrid pict01\" width=\"277\" height=\"160\" \/><\/a><\/td>\n<td><\/td>\n<td><a href=\"https:\/\/www.unidroit.org\/english\/news\/2018\/181017-rail-madrid\/rail-madrid-pict02.jpg\"><img loading=\"lazy\" decoding=\"async\" src=\"https:\/\/www.unidroit.org\/english\/news\/2018\/181017-rail-madrid\/rail-madrid-pict02.jpg\" alt=\"rail madrid pict02\" width=\"278\" height=\"160\" \/><\/a><\/td>\n<\/tr>\n<\/tbody>\n<\/table>\n<p>Mercredi 17 octobre 2018, UNIDROIT s&#8217;est associ\u00e9 au Groupe de travail ferroviaire pour tenir une r\u00e9union d&#8217;information organis\u00e9e par Bird &amp; Bird \u00e0 Madrid \u00e0 l&#8217;intention des parties prenantes du Protocole ferroviaire de Luxembourg. S&#8217;appuyant sur certaines activit\u00e9s d\u00e9j\u00e0 mises en \u0153uvre en Espagne, l&#8217;\u00e9v\u00e9nement a r\u00e9uni des experts juridiques, des industriels et des parties prenantes du secteur priv\u00e9 afin de discuter de l\u2019\u00e9ventuelle mise en \u0153uvre dans l\u2019avenir du Protocole ferroviaire en Espagne. M. Ignacio Tirado, Secr\u00e9taire G\u00e9n\u00e9ral d&#8217;UNIDROIT, a ouvert la r\u00e9union avec des expos\u00e9s d&#8217;experts pr\u00e9sent\u00e9s par Mme Anna Veneziano (Secr\u00e9taire G\u00e9n\u00e9rale adjointe d&#8217;UNIDROIT), par M. Howard Rosen (Pr\u00e9sident du Groupe de travail ferroviaire), Mme Elizabeth Hirst (Directrice G\u00e9n\u00e9rale, Regulis SA) et Mme Teresa de las Heras Ballell Rodriguez (Professeure de droit commercial \u00e0 l&#8217;Universit\u00e9 Carlos III de Madrid).<\/p>\n<p>-&gt;\u00a0<a href=\"https:\/\/www.unidroit.org\/english\/news\/2018\/181017-rail-madrid\/programme-e.pdf\">Programme\u00a0<\/a>(en anglais)<\/p>\n<p>-&gt;\u00a0De plus amples informations sur le protocole ferroviaire de Luxembourg sont disponibles sur:<br \/>\n&#8211;\u00a0<a href=\"https:\/\/www.unidroit.org\/instruments\/security-interests\/rail-protocol\">https:\/\/www.unidroit.org\/instruments\/security-interests\/rail-protocol<\/a><br \/>\n&#8211;\u00a0<a href=\"https:\/\/www.railworkinggroup.org\/\" target=\"_blank\" rel=\"noopener\">https:\/\/www.railworkinggroup.org\/<\/a><\/p>\n","protected":false},"excerpt":{"rendered":"<p>Mercredi 17 octobre 2018, UNIDROIT s&#8217;est associ\u00e9 au Groupe de travail ferroviaire pour tenir une r\u00e9union d&#8217;information organis\u00e9e par Bird &amp; Bird \u00e0 Madrid \u00e0 l&#8217;intention des parties prenantes du Protocole ferroviaire de Luxembourg. S&#8217;appuyant sur certaines activit\u00e9s d\u00e9j\u00e0 mises en \u0153uvre en Espagne, l&#8217;\u00e9v\u00e9nement&nbsp;<a href=\"https:\/\/www.unidroit.org\/fr\/unidroit-tient-une-reunion-dinformation-sur-le-protocole-ferroviaire-de-luxembourg-pour-les-parties-prenantes-espagnoles\/\">&hellip;<\/a><\/p>\n","protected":false},"author":5,"featured_media":0,"comment_status":"closed","ping_status":"closed","sticky":false,"template":"","format":"standard","meta":{"ep_exclude_from_search":false,"footnotes":""},"categories":[79],"tags":[],"class_list":["post-7229","post","type-post","status-publish","format-standard","hentry","category-actualites","odd"],"_links":{"self":[{"href":"https:\/\/www.unidroit.org\/fr\/wp-json\/wp\/v2\/posts\/7229","targetHints":{"allow":["GET"]}}],"collection":[{"href":"https:\/\/www.unidroit.org\/fr\/wp-json\/wp\/v2\/posts"}],"about":[{"href":"https:\/\/www.unidroit.org\/fr\/wp-json\/wp\/v2\/types\/post"}],"author":[{"embeddable":true,"href":"https:\/\/www.unidroit.org\/fr\/wp-json\/wp\/v2\/users\/5"}],"replies":[{"embeddable":true,"href":"https:\/\/www.unidroit.org\/fr\/wp-json\/wp\/v2\/comments?post=7229"}],"version-history":[{"count":0,"href":"https:\/\/www.unidroit.org\/fr\/wp-json\/wp\/v2\/posts\/7229\/revisions"}],"wp:attachment":[{"href":"https:\/\/www.unidroit.org\/fr\/wp-json\/wp\/v2\/media?parent=7229"}],"wp:term":[{"taxonomy":"category","embeddable":true,"href":"https:\/\/www.unidroit.org\/fr\/wp-json\/wp\/v2\/categories?post=7229"},{"taxonomy":"post_tag","embeddable":true,"href":"https:\/\/www.unidroit.org\/fr\/wp-json\/wp\/v2\/tags?post=7229"}],"curies":[{"name":"wp","href":"https:\/\/api.w.org\/{rel}","templated":true}]}}