{"id":7247,"date":"2018-10-11T16:51:06","date_gmt":"2018-10-11T16:51:06","guid":{"rendered":"https:\/\/www.unidroit.org\/?p=7247"},"modified":"2021-08-18T10:19:28","modified_gmt":"2021-08-18T10:19:28","slug":"les-travaux-dunidroit-sur-lagriculture-contractuelle-presentes-a-la-conference-annuelle-de-liba","status":"publish","type":"post","link":"https:\/\/www.unidroit.org\/fr\/les-travaux-dunidroit-sur-lagriculture-contractuelle-presentes-a-la-conference-annuelle-de-liba\/","title":{"rendered":"LES TRAVAUX D&#8217;UNIDROIT SUR L&#8217;AGRICULTURE CONTRACTUELLE PRESENTES A LA CONFERENCE ANNUELLE DE L&#8217;IBA"},"content":{"rendered":"<p>Le 9 octobre 2018, Mme Fr\u00e9d\u00e9rique Mestre, Fonctionnaire Principale, UNIDROIT, a particip\u00e9 \u00e0 une importante session intitul\u00e9e &#8220;The Future of Food: a Global Issue for Humanity&#8221; o\u00f9 l&#8217;on a discut\u00e9 de la s\u00e9curit\u00e9 alimentaire et de sa nature multiforme, des ressources, de la qualit\u00e9, des transports et de la production alimentaire. La pr\u00e9sentation de Mme Mestre \u00e9tait centr\u00e9e sur l&#8217;agriculture contractuelle et sur le Guide juridique sur l&#8217;agriculture contractuelle UNIDROIT\/FAO\/FIDA. La session \u00e9tait mod\u00e9r\u00e9e par\u00a0Monica Weimann (Gomez-Acebo &amp; Pombo, Madrid, Espagne).<\/p>\n<p><img loading=\"lazy\" decoding=\"async\" src=\"https:\/\/www.unidroit.org\/english\/news\/2018\/181009-unidroit-cf-iba-rome\/181009-unidroit-cf-iba-rome-pict01.jpg\" alt=\"181009 unidroit cf iba rome pict01\" width=\"500\" height=\"340\" \/><\/p>\n<p><em>Les orateurs suivants sont intervenus: Matt Kovac (Food Industry Asia, Singapour),<br \/>\nValentina Lattanzi (Gattai, Minoli, Agostinelli &amp; Partners, Milan, Italie),<br \/>\nAdaobi Osakwe (Agrolay Ventures, Lagos, Nigeria), Fr\u00e9d\u00e9rique Mestre (UNIDROIT, Rome, Italie)<\/em><\/p>\n<p>&nbsp;<\/p>\n","protected":false},"excerpt":{"rendered":"<p>Le 9 octobre 2018, Mme Fr\u00e9d\u00e9rique Mestre, Fonctionnaire Principale, UNIDROIT, a particip\u00e9 \u00e0 une importante session intitul\u00e9e &#8220;The Future of Food: a Global Issue for Humanity&#8221; o\u00f9 l&#8217;on a discut\u00e9 de la s\u00e9curit\u00e9 alimentaire et de sa nature multiforme, des ressources, de la qualit\u00e9, des&nbsp;<a href=\"https:\/\/www.unidroit.org\/fr\/les-travaux-dunidroit-sur-lagriculture-contractuelle-presentes-a-la-conference-annuelle-de-liba\/\">&hellip;<\/a><\/p>\n","protected":false},"author":5,"featured_media":0,"comment_status":"closed","ping_status":"closed","sticky":false,"template":"","format":"standard","meta":{"ep_exclude_from_search":false,"footnotes":""},"categories":[79],"tags":[],"class_list":["post-7247","post","type-post","status-publish","format-standard","hentry","category-actualites","odd"],"_links":{"self":[{"href":"https:\/\/www.unidroit.org\/fr\/wp-json\/wp\/v2\/posts\/7247","targetHints":{"allow":["GET"]}}],"collection":[{"href":"https:\/\/www.unidroit.org\/fr\/wp-json\/wp\/v2\/posts"}],"about":[{"href":"https:\/\/www.unidroit.org\/fr\/wp-json\/wp\/v2\/types\/post"}],"author":[{"embeddable":true,"href":"https:\/\/www.unidroit.org\/fr\/wp-json\/wp\/v2\/users\/5"}],"replies":[{"embeddable":true,"href":"https:\/\/www.unidroit.org\/fr\/wp-json\/wp\/v2\/comments?post=7247"}],"version-history":[{"count":0,"href":"https:\/\/www.unidroit.org\/fr\/wp-json\/wp\/v2\/posts\/7247\/revisions"}],"wp:attachment":[{"href":"https:\/\/www.unidroit.org\/fr\/wp-json\/wp\/v2\/media?parent=7247"}],"wp:term":[{"taxonomy":"category","embeddable":true,"href":"https:\/\/www.unidroit.org\/fr\/wp-json\/wp\/v2\/categories?post=7247"},{"taxonomy":"post_tag","embeddable":true,"href":"https:\/\/www.unidroit.org\/fr\/wp-json\/wp\/v2\/tags?post=7247"}],"curies":[{"name":"wp","href":"https:\/\/api.w.org\/{rel}","templated":true}]}}