{"id":7259,"date":"2018-10-09T16:54:39","date_gmt":"2018-10-09T16:54:39","guid":{"rendered":"https:\/\/www.unidroit.org\/?p=7259"},"modified":"2021-08-18T10:20:02","modified_gmt":"2021-08-18T10:20:02","slug":"participation-dunidroit-a-la-session-du-comite-sur-le-droit-spatial-lors-de-la-conference-annuelle-de-liba","status":"publish","type":"post","link":"https:\/\/www.unidroit.org\/fr\/participation-dunidroit-a-la-session-du-comite-sur-le-droit-spatial-lors-de-la-conference-annuelle-de-liba\/","title":{"rendered":"PARTICIPATION D&#8217;UNIDROIT A LA SESSION DU COMITE SUR LE DROIT SPATIAL LORS DE LA CONFERENCE ANNUELLE DE L&#8217;IBA"},"content":{"rendered":"<p><a href=\"https:\/\/www.unidroit.org\/english\/news\/2018\/181008-unidroit-iba-space-rome\/181008-ctc-space-cover-e.png\"><img loading=\"lazy\" decoding=\"async\" src=\"https:\/\/www.unidroit.org\/english\/news\/2018\/181008-unidroit-iba-space-rome\/181008-ctc-space-cover-e.png\" alt=\"181008 ctc space cover e\" width=\"101\" height=\"150\" \/><\/a>Le 8 octobre 2018, la Professeure Anna Veneziano, Secr\u00e9taire G\u00e9n\u00e9rale adjointe, a \u00e9t\u00e9 invit\u00e9e par les Co-Pr\u00e9sidentes du Comit\u00e9 sur le droit spatial de l&#8217;IBA, Mesdames Caroline Videlier-Gutmann et Grace Nacimiento, \u00e0 pr\u00e9senter le th\u00e8me suivant &#8220;Legal and Financial Pros and Cons of the Space Protocole&#8221; dans le cadre d&#8217;une session &#8220;Hots Topics&#8221; lors de la Conf\u00e9rence annuelle de l&#8217;IBA \u00e0 Rome.<\/p>\n<p>&nbsp;<\/p>\n","protected":false},"excerpt":{"rendered":"<p>Le 8 octobre 2018, la Professeure Anna Veneziano, Secr\u00e9taire G\u00e9n\u00e9rale adjointe, a \u00e9t\u00e9 invit\u00e9e par les Co-Pr\u00e9sidentes du Comit\u00e9 sur le droit spatial de l&#8217;IBA, Mesdames Caroline Videlier-Gutmann et Grace Nacimiento, \u00e0 pr\u00e9senter le th\u00e8me suivant &#8220;Legal and Financial Pros and Cons of the Space&nbsp;<a href=\"https:\/\/www.unidroit.org\/fr\/participation-dunidroit-a-la-session-du-comite-sur-le-droit-spatial-lors-de-la-conference-annuelle-de-liba\/\">&hellip;<\/a><\/p>\n","protected":false},"author":5,"featured_media":9454,"comment_status":"closed","ping_status":"closed","sticky":false,"template":"","format":"standard","meta":{"ep_exclude_from_search":false,"footnotes":""},"categories":[79],"tags":[],"class_list":["post-7259","post","type-post","status-publish","format-standard","has-post-thumbnail","hentry","category-actualites","odd"],"_links":{"self":[{"href":"https:\/\/www.unidroit.org\/fr\/wp-json\/wp\/v2\/posts\/7259","targetHints":{"allow":["GET"]}}],"collection":[{"href":"https:\/\/www.unidroit.org\/fr\/wp-json\/wp\/v2\/posts"}],"about":[{"href":"https:\/\/www.unidroit.org\/fr\/wp-json\/wp\/v2\/types\/post"}],"author":[{"embeddable":true,"href":"https:\/\/www.unidroit.org\/fr\/wp-json\/wp\/v2\/users\/5"}],"replies":[{"embeddable":true,"href":"https:\/\/www.unidroit.org\/fr\/wp-json\/wp\/v2\/comments?post=7259"}],"version-history":[{"count":0,"href":"https:\/\/www.unidroit.org\/fr\/wp-json\/wp\/v2\/posts\/7259\/revisions"}],"wp:featuredmedia":[{"embeddable":true,"href":"https:\/\/www.unidroit.org\/fr\/wp-json\/wp\/v2\/media\/9454"}],"wp:attachment":[{"href":"https:\/\/www.unidroit.org\/fr\/wp-json\/wp\/v2\/media?parent=7259"}],"wp:term":[{"taxonomy":"category","embeddable":true,"href":"https:\/\/www.unidroit.org\/fr\/wp-json\/wp\/v2\/categories?post=7259"},{"taxonomy":"post_tag","embeddable":true,"href":"https:\/\/www.unidroit.org\/fr\/wp-json\/wp\/v2\/tags?post=7259"}],"curies":[{"name":"wp","href":"https:\/\/api.w.org\/{rel}","templated":true}]}}