{"id":7288,"date":"2018-09-14T17:03:43","date_gmt":"2018-09-14T17:03:43","guid":{"rendered":"https:\/\/www.unidroit.org\/?p=7288"},"modified":"2021-08-18T10:20:03","modified_gmt":"2021-08-18T10:20:03","slug":"conference-annuelle-et-assemblee-generale-de-leli-2018","status":"publish","type":"post","link":"https:\/\/www.unidroit.org\/fr\/conference-annuelle-et-assemblee-generale-de-leli-2018\/","title":{"rendered":"CONFERENCE ANNUELLE ET ASSEMBLEE GENERALE DE L\u2019ELI (2018)"},"content":{"rendered":"<p>Le 6 septembre 2018, le projet ELI-UNIDROIT concernant le projet de\u00a0<a href=\"https:\/\/www.unidroit.org\/fr\/current-studies-fr\/procedure-civile-transnationale\">r\u00e8gles transnationales de proc\u00e9dure civile<\/a>\u00a0a \u00e9t\u00e9 pr\u00e9sent\u00e9 \u00e0 la Conf\u00e9rence annuelle 2018 de l\u2019ELI \u00e0 Riga. Diana Wallis, Pr\u00e9sidente de l\u2019ELI et Anna Veneziano, Secr\u00e9taire G\u00e9n\u00e9rale adjointe d\u2019UNIDROIT, ont pr\u00e9sid\u00e9 conjointement une r\u00e9union o\u00f9 un bref aper\u00e7u de l\u2019avancement des travaux du Groupe de la \u00a0structure et de son \u00e9tat actuel avec de possibles sujets d\u2019actualit\u00e9, comme la port\u00e9e\/ pr\u00e9sentation de la structure, l&#8217;utilisation de mat\u00e9riaux comparatifs et la place de certaines sections\/sujets. On a \u00e9galement \u00e9tudi\u00e9 comment les d\u00e9veloppements r\u00e9cents de l\u2019\u00e8re num\u00e9rique influeraient sur les projets . Enfin, la pr\u00e9sentation de la derni\u00e8re version du Groupe de travail sur les Parties a permis d\u2019illustrer comment certaines questions d\u2019actualit\u00e9 (\u00e0 savoir, les recours collectifs) avaient \u00e9t\u00e9 abord\u00e9es compte tenu des nouvelles propositions de l\u2019UE et du financement par des tiers. La r\u00e9union &#8211; qui comptait la Prof. \u00a0Xandra Kramer (Universit\u00e9 de Rotterdam), M. John Sorabji (Conseiller juridique principal du Lord Chief Justice et du Master of the Rolls, Office \u00a0judiciaire d\u2019Angleterre et du Pays de Galles), et le Prof. Emmanuel Jeuland (La Sorbonne) \u2013 a suscit\u00e9 une discussion stimulante et anim\u00e9e parmi les participants.<\/p>\n<p>-&gt;\u00a0<a href=\"https:\/\/www.europeanlawinstitute.eu\/fileadmin\/user_upload\/p_eli\/General_Assembly\/2018\/ELI_AC_Tentative_Agenda_2018.pdf\" target=\"_blank\" rel=\"noopener\">Programme de la Conf\u00e9rence<\/a><\/p>\n<p><img loading=\"lazy\" decoding=\"async\" src=\"https:\/\/www.unidroit.org\/english\/news\/2018\/180906-eli-unidroit-riga\/eli-unidroit-riga-pict01.jpg\" alt=\"eli unidroit riga pict01\" width=\"500\" height=\"307\" \/><\/p>\n<p><em>John Sorabji, debout, et, assis (de g. \u00e0 d.), les Prof. Emmanuel Jeuland<br \/>\net Anna Veneziano, Mme Diana Wallis et la Prof. Xandra Kramer<\/em><\/p>\n","protected":false},"excerpt":{"rendered":"<p>Le 6 septembre 2018, le projet ELI-UNIDROIT concernant le projet de\u00a0r\u00e8gles transnationales de proc\u00e9dure civile\u00a0a \u00e9t\u00e9 pr\u00e9sent\u00e9 \u00e0 la Conf\u00e9rence annuelle 2018 de l\u2019ELI \u00e0 Riga. Diana Wallis, Pr\u00e9sidente de l\u2019ELI et Anna Veneziano, Secr\u00e9taire G\u00e9n\u00e9rale adjointe d\u2019UNIDROIT, ont pr\u00e9sid\u00e9 conjointement une r\u00e9union o\u00f9 un&nbsp;<a href=\"https:\/\/www.unidroit.org\/fr\/conference-annuelle-et-assemblee-generale-de-leli-2018\/\">&hellip;<\/a><\/p>\n","protected":false},"author":5,"featured_media":0,"comment_status":"closed","ping_status":"closed","sticky":false,"template":"","format":"standard","meta":{"ep_exclude_from_search":false,"footnotes":""},"categories":[79],"tags":[],"class_list":["post-7288","post","type-post","status-publish","format-standard","hentry","category-actualites","odd"],"_links":{"self":[{"href":"https:\/\/www.unidroit.org\/fr\/wp-json\/wp\/v2\/posts\/7288","targetHints":{"allow":["GET"]}}],"collection":[{"href":"https:\/\/www.unidroit.org\/fr\/wp-json\/wp\/v2\/posts"}],"about":[{"href":"https:\/\/www.unidroit.org\/fr\/wp-json\/wp\/v2\/types\/post"}],"author":[{"embeddable":true,"href":"https:\/\/www.unidroit.org\/fr\/wp-json\/wp\/v2\/users\/5"}],"replies":[{"embeddable":true,"href":"https:\/\/www.unidroit.org\/fr\/wp-json\/wp\/v2\/comments?post=7288"}],"version-history":[{"count":0,"href":"https:\/\/www.unidroit.org\/fr\/wp-json\/wp\/v2\/posts\/7288\/revisions"}],"wp:attachment":[{"href":"https:\/\/www.unidroit.org\/fr\/wp-json\/wp\/v2\/media?parent=7288"}],"wp:term":[{"taxonomy":"category","embeddable":true,"href":"https:\/\/www.unidroit.org\/fr\/wp-json\/wp\/v2\/categories?post=7288"},{"taxonomy":"post_tag","embeddable":true,"href":"https:\/\/www.unidroit.org\/fr\/wp-json\/wp\/v2\/tags?post=7288"}],"curies":[{"name":"wp","href":"https:\/\/api.w.org\/{rel}","templated":true}]}}