{"id":7348,"date":"2018-06-15T17:21:54","date_gmt":"2018-06-15T17:21:54","guid":{"rendered":"https:\/\/www.unidroit.org\/?p=7348"},"modified":"2021-08-18T10:20:35","modified_gmt":"2021-08-18T10:20:35","slug":"presentation-de-la-convention-du-cap-et-du-protocole-mac-a-la-conference-regionale-sur-le-droit-des-operations-garanties-au-paraguay","status":"publish","type":"post","link":"https:\/\/www.unidroit.org\/fr\/presentation-de-la-convention-du-cap-et-du-protocole-mac-a-la-conference-regionale-sur-le-droit-des-operations-garanties-au-paraguay\/","title":{"rendered":"PRESENTATION DE LA CONVENTION DU CAP ET DU PROTOCOLE MAC A LA CONFERENCE REGIONALE SUR LE DROIT DES OPERATIONS GARANTIES AU PARAGUAY"},"content":{"rendered":"<p>Le 15 juin 2018, une conf\u00e9rence r\u00e9gionale s&#8217;est tenue \u00e0 Asunci\u00f3n, au Paraguay, sur le droit international des op\u00e9rations garanties, organis\u00e9e conjointement par le\u00a0<a href=\"http:\/\/www.cedep.org.py\/\" target=\"_blank\" rel=\"noopener\">Centro de Estudios de Derecho, Econom\u00eda y Pol\u00edtica (CEDEP)<\/a>, le Minist\u00e8re paraguayen de la justice et le Centre national du droit. Diverses pr\u00e9sentations ont \u00e9t\u00e9 faites par des experts en droit des op\u00e9rations garanties provenant d&#8217;\u00c9tats d&#8217;Am\u00e9rique latine, notamment du Br\u00e9sil, du Chili, de Colombie, du Costa Rica, du Guatemala, du Mexique et du Paraguay. UNIDROIT \u00e9tait repr\u00e9sent\u00e9 par M. Jos\u00e9 Antonio Moreno Rodr\u00edguez, membre du Conseil de Direction, qui a fait un discours d\u2019introduction. Des panels sp\u00e9ciaux ont trait\u00e9 de la Convention du Cap et de son Protocole a\u00e9ronautique, ainsi que du futur Protocole MAC. M. Weldon Walter Black Zald\u00edvar (Vice-ministre de la Justice, Paraguay), Mme Teresa Rodr\u00edguez de Las Heras Ballell (Professeure, Universidad Carlos III de Madrid, Espagne), M. Felipe Bonsenso Veneziano (Groupe de travail MAC, Br\u00e9sil) et M. Adalberto Elias (NatLaw, Mexique) ont pr\u00e9sent\u00e9 la Convention du Cap et le Protocole MAC.<\/p>\n<p>&nbsp;<\/p>\n<p><img loading=\"lazy\" decoding=\"async\" src=\"https:\/\/www.unidroit.org\/english\/news\/2018\/180615-sec-trans-asuncion\/pict01.jpg\" alt=\"pict01\" width=\"500\" height=\"278\" \/><\/p>\n<p>La salle de conf\u00e9rence<\/p>\n","protected":false},"excerpt":{"rendered":"<p>Le 15 juin 2018, une conf\u00e9rence r\u00e9gionale s&#8217;est tenue \u00e0 Asunci\u00f3n, au Paraguay, sur le droit international des op\u00e9rations garanties, organis\u00e9e conjointement par le\u00a0Centro de Estudios de Derecho, Econom\u00eda y Pol\u00edtica (CEDEP), le Minist\u00e8re paraguayen de la justice et le Centre national du droit. Diverses&nbsp;<a href=\"https:\/\/www.unidroit.org\/fr\/presentation-de-la-convention-du-cap-et-du-protocole-mac-a-la-conference-regionale-sur-le-droit-des-operations-garanties-au-paraguay\/\">&hellip;<\/a><\/p>\n","protected":false},"author":5,"featured_media":0,"comment_status":"open","ping_status":"open","sticky":false,"template":"","format":"standard","meta":{"ep_exclude_from_search":false,"footnotes":""},"categories":[79],"tags":[],"class_list":["post-7348","post","type-post","status-publish","format-standard","hentry","category-actualites","odd"],"_links":{"self":[{"href":"https:\/\/www.unidroit.org\/fr\/wp-json\/wp\/v2\/posts\/7348","targetHints":{"allow":["GET"]}}],"collection":[{"href":"https:\/\/www.unidroit.org\/fr\/wp-json\/wp\/v2\/posts"}],"about":[{"href":"https:\/\/www.unidroit.org\/fr\/wp-json\/wp\/v2\/types\/post"}],"author":[{"embeddable":true,"href":"https:\/\/www.unidroit.org\/fr\/wp-json\/wp\/v2\/users\/5"}],"replies":[{"embeddable":true,"href":"https:\/\/www.unidroit.org\/fr\/wp-json\/wp\/v2\/comments?post=7348"}],"version-history":[{"count":0,"href":"https:\/\/www.unidroit.org\/fr\/wp-json\/wp\/v2\/posts\/7348\/revisions"}],"wp:attachment":[{"href":"https:\/\/www.unidroit.org\/fr\/wp-json\/wp\/v2\/media?parent=7348"}],"wp:term":[{"taxonomy":"category","embeddable":true,"href":"https:\/\/www.unidroit.org\/fr\/wp-json\/wp\/v2\/categories?post=7348"},{"taxonomy":"post_tag","embeddable":true,"href":"https:\/\/www.unidroit.org\/fr\/wp-json\/wp\/v2\/tags?post=7348"}],"curies":[{"name":"wp","href":"https:\/\/api.w.org\/{rel}","templated":true}]}}