{"id":7360,"date":"2018-06-12T17:46:52","date_gmt":"2018-06-12T17:46:52","guid":{"rendered":"https:\/\/www.unidroit.org\/?p=7360"},"modified":"2021-08-18T10:20:35","modified_gmt":"2021-08-18T10:20:35","slug":"conference-dunidroit-a-luniversite-de-johannesbourg","status":"publish","type":"post","link":"https:\/\/www.unidroit.org\/fr\/conference-dunidroit-a-luniversite-de-johannesbourg\/","title":{"rendered":"CONFERENCE D\u2019UNIDROIT A L\u2019UNIVERSITE DE JOHANNESBOURG"},"content":{"rendered":"<p>Le 12 juin 2018, la Professeure Anna Veneziano, \u00a0Secr\u00e9taire G\u00e9n\u00e9rale a.i., et M. William Brydie-Watson, Juriste, ont donn\u00e9 une conf\u00e9rence conjointe sur la Convention du Cap et le futur Protocole MAC aux \u00e9tudiants en LLM de l&#8217;Universit\u00e9 de Johannesbourg (Afrique du Sud). La conf\u00e9rence, organis\u00e9e par le Professeur Jan Neels, membre du Conseil de Direction d&#8217;UNIDROIT, \u00a0a expos\u00e9 les aspects principaux des deux instruments et leur application juridique. Le Secr\u00e9tariat a \u00e9galement visit\u00e9 la biblioth\u00e8que principale de l&#8217;Universit\u00e9 qui fait partie des Biblioth\u00e8ques d\u00e9positaires d\u2019UNIDROIT.<\/p>\n<p>&nbsp;<\/p>\n<table>\n<tbody>\n<tr>\n<td>\u00a0<img loading=\"lazy\" decoding=\"async\" src=\"https:\/\/www.unidroit.org\/english\/news\/2018\/180612-ctc-mac-johannesburg\/pict01.jpg\" alt=\"pict01\" width=\"248\" height=\"165\" \/><\/td>\n<td><\/td>\n<td><img loading=\"lazy\" decoding=\"async\" src=\"https:\/\/www.unidroit.org\/english\/news\/2018\/180612-ctc-mac-johannesburg\/pict02.jpg\" alt=\"pict02\" width=\"289\" height=\"165\" \/><\/td>\n<\/tr>\n<tr>\n<td>De gauche \u00e0 droite : Prof. Jan Neels, Prof. Anna<br \/>\nVeneziano et M. William Brydie-Watson<\/td>\n<td><\/td>\n<td>Conf\u00e9rence de la Professeure Veneziano<\/td>\n<\/tr>\n<\/tbody>\n<\/table>\n<p>&nbsp;<\/p>\n","protected":false},"excerpt":{"rendered":"<p>Le 12 juin 2018, la Professeure Anna Veneziano, \u00a0Secr\u00e9taire G\u00e9n\u00e9rale a.i., et M. William Brydie-Watson, Juriste, ont donn\u00e9 une conf\u00e9rence conjointe sur la Convention du Cap et le futur Protocole MAC aux \u00e9tudiants en LLM de l&#8217;Universit\u00e9 de Johannesbourg (Afrique du Sud). La conf\u00e9rence, organis\u00e9e&nbsp;<a href=\"https:\/\/www.unidroit.org\/fr\/conference-dunidroit-a-luniversite-de-johannesbourg\/\">&hellip;<\/a><\/p>\n","protected":false},"author":5,"featured_media":0,"comment_status":"closed","ping_status":"closed","sticky":false,"template":"","format":"standard","meta":{"ep_exclude_from_search":false,"footnotes":""},"categories":[79],"tags":[],"class_list":["post-7360","post","type-post","status-publish","format-standard","hentry","category-actualites","odd"],"_links":{"self":[{"href":"https:\/\/www.unidroit.org\/fr\/wp-json\/wp\/v2\/posts\/7360","targetHints":{"allow":["GET"]}}],"collection":[{"href":"https:\/\/www.unidroit.org\/fr\/wp-json\/wp\/v2\/posts"}],"about":[{"href":"https:\/\/www.unidroit.org\/fr\/wp-json\/wp\/v2\/types\/post"}],"author":[{"embeddable":true,"href":"https:\/\/www.unidroit.org\/fr\/wp-json\/wp\/v2\/users\/5"}],"replies":[{"embeddable":true,"href":"https:\/\/www.unidroit.org\/fr\/wp-json\/wp\/v2\/comments?post=7360"}],"version-history":[{"count":0,"href":"https:\/\/www.unidroit.org\/fr\/wp-json\/wp\/v2\/posts\/7360\/revisions"}],"wp:attachment":[{"href":"https:\/\/www.unidroit.org\/fr\/wp-json\/wp\/v2\/media?parent=7360"}],"wp:term":[{"taxonomy":"category","embeddable":true,"href":"https:\/\/www.unidroit.org\/fr\/wp-json\/wp\/v2\/categories?post=7360"},{"taxonomy":"post_tag","embeddable":true,"href":"https:\/\/www.unidroit.org\/fr\/wp-json\/wp\/v2\/tags?post=7360"}],"curies":[{"name":"wp","href":"https:\/\/api.w.org\/{rel}","templated":true}]}}