{"id":7489,"date":"2018-05-30T07:36:46","date_gmt":"2018-05-30T07:36:46","guid":{"rendered":"https:\/\/www.unidroit.org\/?p=7489"},"modified":"2021-08-18T10:20:36","modified_gmt":"2021-08-18T10:20:36","slug":"ue-latelier-sur-la-protection-du-patrimoine-culturel-iraquien-et-la-lutte-contre-le-terrorisme","status":"publish","type":"post","link":"https:\/\/www.unidroit.org\/fr\/ue-latelier-sur-la-protection-du-patrimoine-culturel-iraquien-et-la-lutte-contre-le-terrorisme\/","title":{"rendered":"UE L&#8217;ATELIER SUR LA PROTECTION DU PATRIMOINE CULTUREL IRAQUIEN ET LA LUTTE CONTRE LE TERRORISME"},"content":{"rendered":"<table>\n<tbody>\n<tr>\n<td><img loading=\"lazy\" decoding=\"async\" src=\"https:\/\/www.unidroit.org\/english\/news\/2018\/180530-cp-eu\/pict01.jpg\" alt=\"pict01\" width=\"280\" height=\"114\" \/><\/td>\n<td><\/td>\n<td>\u00a0<img loading=\"lazy\" decoding=\"async\" src=\"https:\/\/www.unidroit.org\/english\/news\/2018\/180530-cp-eu\/pict02.jpg\" alt=\"pict02\" width=\"247\" height=\"114\" \/><\/td>\n<\/tr>\n<\/tbody>\n<\/table>\n<p>Le 30 mai, Mme Marina Schneider, juriste principale d&#8217;UNIDROIT et D\u00e9positaire des Trait\u00e9s, a particip\u00e9 \u00e0 l&#8217;Atelier sur la protection du patrimoine culturel iraquien et la lutte contre le terrorisme organis\u00e9 par l&#8217;Instrument d&#8217;assistance technique et d&#8217;\u00e9change d&#8217;informations de la Commission europ\u00e9enne.<\/p>\n","protected":false},"excerpt":{"rendered":"<p>\u00a0 Le 30 mai, Mme Marina Schneider, juriste principale d&#8217;UNIDROIT et D\u00e9positaire des Trait\u00e9s, a particip\u00e9 \u00e0 l&#8217;Atelier sur la protection du patrimoine culturel iraquien et la lutte contre le terrorisme organis\u00e9 par l&#8217;Instrument d&#8217;assistance technique et d&#8217;\u00e9change d&#8217;informations de la Commission europ\u00e9enne.<\/p>\n","protected":false},"author":5,"featured_media":0,"comment_status":"closed","ping_status":"closed","sticky":false,"template":"","format":"standard","meta":{"ep_exclude_from_search":false,"footnotes":""},"categories":[79],"tags":[],"class_list":["post-7489","post","type-post","status-publish","format-standard","hentry","category-actualites","odd"],"_links":{"self":[{"href":"https:\/\/www.unidroit.org\/fr\/wp-json\/wp\/v2\/posts\/7489","targetHints":{"allow":["GET"]}}],"collection":[{"href":"https:\/\/www.unidroit.org\/fr\/wp-json\/wp\/v2\/posts"}],"about":[{"href":"https:\/\/www.unidroit.org\/fr\/wp-json\/wp\/v2\/types\/post"}],"author":[{"embeddable":true,"href":"https:\/\/www.unidroit.org\/fr\/wp-json\/wp\/v2\/users\/5"}],"replies":[{"embeddable":true,"href":"https:\/\/www.unidroit.org\/fr\/wp-json\/wp\/v2\/comments?post=7489"}],"version-history":[{"count":0,"href":"https:\/\/www.unidroit.org\/fr\/wp-json\/wp\/v2\/posts\/7489\/revisions"}],"wp:attachment":[{"href":"https:\/\/www.unidroit.org\/fr\/wp-json\/wp\/v2\/media?parent=7489"}],"wp:term":[{"taxonomy":"category","embeddable":true,"href":"https:\/\/www.unidroit.org\/fr\/wp-json\/wp\/v2\/categories?post=7489"},{"taxonomy":"post_tag","embeddable":true,"href":"https:\/\/www.unidroit.org\/fr\/wp-json\/wp\/v2\/tags?post=7489"}],"curies":[{"name":"wp","href":"https:\/\/api.w.org\/{rel}","templated":true}]}}