{"id":7498,"date":"2018-05-07T07:40:30","date_gmt":"2018-05-07T07:40:30","guid":{"rendered":"https:\/\/www.unidroit.org\/?p=7498"},"modified":"2021-08-18T10:20:36","modified_gmt":"2021-08-18T10:20:36","slug":"97eme-session-du-conseil-de-direction-dunidroit","status":"publish","type":"post","link":"https:\/\/www.unidroit.org\/fr\/97eme-session-du-conseil-de-direction-dunidroit\/","title":{"rendered":"97EME SESSION DU CONSEIL DE DIRECTION D\u2019UNIDROIT"},"content":{"rendered":"<table>\n<tbody>\n<tr>\n<td><a title=\"Agrandir l'image\" href=\"https:\/\/www.unidroit.org\/english\/news\/2018\/180502-gc-97th\/pict01.jpg\"><img loading=\"lazy\" decoding=\"async\" src=\"https:\/\/www.unidroit.org\/english\/news\/2018\/180502-gc-97th\/pict01.jpg\" alt=\"pict01\" width=\"276\" height=\"165\" \/><\/a><\/td>\n<td><\/td>\n<td><a title=\"Agrandir l'image\" href=\"https:\/\/www.unidroit.org\/english\/news\/2018\/180502-gc-97th\/pict02.jpg\"><img loading=\"lazy\" decoding=\"async\" src=\"https:\/\/www.unidroit.org\/english\/news\/2018\/180502-gc-97th\/pict02.jpg\" alt=\"pict02\" width=\"264\" height=\"165\" \/><\/a><\/td>\n<\/tr>\n<\/tbody>\n<\/table>\n<p>Le Conseil de Direction s\u2019est r\u00e9uni \u00e0 Rome du 2 au 4 mai 2018 pour discuter de l\u2019avancement des travaux inscrits au Programme de travail d\u2019UNIDROIT. Le Conseil de Direction a nomm\u00e9 le Professeur Ignacio Tirado nouveau Secr\u00e9taire G\u00e9n\u00e9ral de l\u2019Institut.<\/p>\n<p>Le Rapport de la r\u00e9union sera publi\u00e9 dans les meilleurs temps.<\/p>\n<p>-&gt; Cliquer\u00a0<a href=\"https:\/\/www.unidroit.org\/fr\/reunions\/conseil-de-direction\/2352-97eme-session-rome-2-4-mai-2018\">ici<\/a>\u00a0pour davantage d\u2019informations sur la r\u00e9union.<\/p>\n<p>&nbsp;<\/p>\n","protected":false},"excerpt":{"rendered":"<p>Le Conseil de Direction s\u2019est r\u00e9uni \u00e0 Rome du 2 au 4 mai 2018 pour discuter de l\u2019avancement des travaux inscrits au Programme de travail d\u2019UNIDROIT. Le Conseil de Direction a nomm\u00e9 le Professeur Ignacio Tirado nouveau Secr\u00e9taire G\u00e9n\u00e9ral de l\u2019Institut. Le Rapport de la&nbsp;<a href=\"https:\/\/www.unidroit.org\/fr\/97eme-session-du-conseil-de-direction-dunidroit\/\">&hellip;<\/a><\/p>\n","protected":false},"author":5,"featured_media":0,"comment_status":"closed","ping_status":"closed","sticky":false,"template":"","format":"standard","meta":{"ep_exclude_from_search":false,"footnotes":""},"categories":[79],"tags":[],"class_list":["post-7498","post","type-post","status-publish","format-standard","hentry","category-actualites","odd"],"_links":{"self":[{"href":"https:\/\/www.unidroit.org\/fr\/wp-json\/wp\/v2\/posts\/7498","targetHints":{"allow":["GET"]}}],"collection":[{"href":"https:\/\/www.unidroit.org\/fr\/wp-json\/wp\/v2\/posts"}],"about":[{"href":"https:\/\/www.unidroit.org\/fr\/wp-json\/wp\/v2\/types\/post"}],"author":[{"embeddable":true,"href":"https:\/\/www.unidroit.org\/fr\/wp-json\/wp\/v2\/users\/5"}],"replies":[{"embeddable":true,"href":"https:\/\/www.unidroit.org\/fr\/wp-json\/wp\/v2\/comments?post=7498"}],"version-history":[{"count":0,"href":"https:\/\/www.unidroit.org\/fr\/wp-json\/wp\/v2\/posts\/7498\/revisions"}],"wp:attachment":[{"href":"https:\/\/www.unidroit.org\/fr\/wp-json\/wp\/v2\/media?parent=7498"}],"wp:term":[{"taxonomy":"category","embeddable":true,"href":"https:\/\/www.unidroit.org\/fr\/wp-json\/wp\/v2\/categories?post=7498"},{"taxonomy":"post_tag","embeddable":true,"href":"https:\/\/www.unidroit.org\/fr\/wp-json\/wp\/v2\/tags?post=7498"}],"curies":[{"name":"wp","href":"https:\/\/api.w.org\/{rel}","templated":true}]}}