{"id":7560,"date":"2018-01-18T08:01:37","date_gmt":"2018-01-18T08:01:37","guid":{"rendered":"https:\/\/www.unidroit.org\/?p=7560"},"modified":"2021-08-18T10:25:06","modified_gmt":"2021-08-18T10:25:06","slug":"le-ministere-hongrois-de-la-justice-examine-la-possibilite-de-ratifier-la-convention-du-cap","status":"publish","type":"post","link":"https:\/\/www.unidroit.org\/fr\/le-ministere-hongrois-de-la-justice-examine-la-possibilite-de-ratifier-la-convention-du-cap\/","title":{"rendered":"LE MINISTERE HONGROIS DE LA JUSTICE EXAMINE LA POSSIBILITE DE RATIFIER LA CONVENTION DU CAP"},"content":{"rendered":"<p>Le minist\u00e8re de la Justice de Hongrie a cr\u00e9\u00e9 un groupe de travail intragouvernemental en vue d\u2019examiner l\u2019adh\u00e9sion de son pays \u00e0 la Convention du Cap. Le minist\u00e8re de la justice a maintenant cr\u00e9\u00e9 un groupe de travail intragouvernemental sur la Convention du Cap. M. Zolt\u00e1n Nemess\u00e1nyi, Secr\u00e9taire d&#8217;Etat adjoint \u00e0 la coop\u00e9ration juridique internationale l\u2019a annonc\u00e9 lors d&#8217;une conf\u00e9rence sur les Protocoles ferroviaire et MAC tenue \u00e0 la Facult\u00e9 de droit de l&#8217;Universit\u00e9 ELTE \u00e0 Budapest le 22 novembre 2017. \u201cLe groupe de travail comprend presque tous les minist\u00e8res ainsi que les industries du secteur priv\u00e9 int\u00e9ress\u00e9es. \u201d a t\u2019-il d\u00e9clar\u00e9. Les travaux consisteront en une \u00e9tude d&#8217;impact dont a finalisation est pr\u00e9vue pour 2018.<\/p>\n<p>Ont pris part \u00e0 la conf\u00e9rence avec diverses pr\u00e9sentations et contributions Mme R\u00e9ka Somssich, Doyenne adjointe, Facult\u00e9 de droit, Universit\u00e9 ELTE; M. Mikl\u00f3s Kir\u00e1ly, Professeur, Facult\u00e9 de droit, Universit\u00e9 ELTE , Membre du Conseil de Direction d&#8217;UNIDROIT; Mme Anna Veneziano, Professeur, Secr\u00e9taire G\u00e9n\u00e9rale a.i., UNIDROIT; Mme Elizabeth Hirst, Conservateur, Registre ferroviaire international; M. Attila Harmathy, Professeur, Facult\u00e9 de droit, Universit\u00e9 ELTE; M. William Brydie-Watson, Juriste, UNIDROIT; M. Benjamin von Bodungen, Professeur, \u00c9cole sup\u00e9rieure de gestion et de droit, Allemagne; M. Zolt\u00e1n Nemess\u00e1nyi, Secr\u00e9taire d&#8217;\u00c9tat adjoint, minist\u00e8re de la Justice, Hongrie; M. J\u00f3zsef V\u00e1gi, associ\u00e9, Kajt\u00e1r Tak\u00e1cs Hegymegi-Barakonyi Baker &amp; McKenzie.<\/p>\n<p><a href=\"http:\/\/www.kormany.hu\/hu\/igazsagugyi-miniszterium\/europai-unios-es-nemzetkozi-igazsagugyi-egyuttmukodesert-felelos-allamtitkarsag\/hirek\/az-igazsagugyi-miniszterium-vizsgalja-a-fokvarosi-egyezmenyhez-valo-csatlakozas-lehetoseget\" target=\"_blank\" rel=\"noopener\"><img loading=\"lazy\" decoding=\"async\" src=\"https:\/\/www.unidroit.org\/images\/arrows\/black-right-01.gif\" alt=\"black right 01\" width=\"12\" height=\"12\" \/><\/a>\u00a0<a href=\"http:\/\/www.kormany.hu\/hu\/igazsagugyi-miniszterium\/europai-unios-es-nemzetkozi-igazsagugyi-egyuttmukodesert-felelos-allamtitkarsag\/hirek\/az-igazsagugyi-miniszterium-vizsgalja-a-fokvarosi-egyezmenyhez-valo-csatlakozas-lehetoseget\" target=\"_blank\" rel=\"noopener\">Communiqu\u00e9 de presse<\/a>\u00a0(en hongrois).<\/p>\n<p><img loading=\"lazy\" decoding=\"async\" src=\"https:\/\/www.unidroit.org\/english\/news\/2017\/171122-ctc-budapest\/pict01.jpg\" alt=\"pict01\" width=\"480\" height=\"316\" \/><\/p>\n<p><em><span id=\"result_box\" class=\"\" lang=\"fr\"><span class=\"\">Instantan\u00e9 de la conf\u00e9rence tenue \u00e0 Budapest le 22 novembre 2017<\/span><\/span>.<\/em><\/p>\n<p>&nbsp;<\/p>\n","protected":false},"excerpt":{"rendered":"<p>Le minist\u00e8re de la Justice de Hongrie a cr\u00e9\u00e9 un groupe de travail intragouvernemental en vue d\u2019examiner l\u2019adh\u00e9sion de son pays \u00e0 la Convention du Cap. Le minist\u00e8re de la justice a maintenant cr\u00e9\u00e9 un groupe de travail intragouvernemental sur la Convention du Cap. M.&nbsp;<a href=\"https:\/\/www.unidroit.org\/fr\/le-ministere-hongrois-de-la-justice-examine-la-possibilite-de-ratifier-la-convention-du-cap\/\">&hellip;<\/a><\/p>\n","protected":false},"author":5,"featured_media":0,"comment_status":"closed","ping_status":"closed","sticky":false,"template":"","format":"standard","meta":{"ep_exclude_from_search":false,"footnotes":""},"categories":[79],"tags":[],"class_list":["post-7560","post","type-post","status-publish","format-standard","hentry","category-actualites","odd"],"_links":{"self":[{"href":"https:\/\/www.unidroit.org\/fr\/wp-json\/wp\/v2\/posts\/7560","targetHints":{"allow":["GET"]}}],"collection":[{"href":"https:\/\/www.unidroit.org\/fr\/wp-json\/wp\/v2\/posts"}],"about":[{"href":"https:\/\/www.unidroit.org\/fr\/wp-json\/wp\/v2\/types\/post"}],"author":[{"embeddable":true,"href":"https:\/\/www.unidroit.org\/fr\/wp-json\/wp\/v2\/users\/5"}],"replies":[{"embeddable":true,"href":"https:\/\/www.unidroit.org\/fr\/wp-json\/wp\/v2\/comments?post=7560"}],"version-history":[{"count":0,"href":"https:\/\/www.unidroit.org\/fr\/wp-json\/wp\/v2\/posts\/7560\/revisions"}],"wp:attachment":[{"href":"https:\/\/www.unidroit.org\/fr\/wp-json\/wp\/v2\/media?parent=7560"}],"wp:term":[{"taxonomy":"category","embeddable":true,"href":"https:\/\/www.unidroit.org\/fr\/wp-json\/wp\/v2\/categories?post=7560"},{"taxonomy":"post_tag","embeddable":true,"href":"https:\/\/www.unidroit.org\/fr\/wp-json\/wp\/v2\/tags?post=7560"}],"curies":[{"name":"wp","href":"https:\/\/api.w.org\/{rel}","templated":true}]}}