{"id":7583,"date":"2017-12-07T08:07:36","date_gmt":"2017-12-07T08:07:36","guid":{"rendered":"https:\/\/www.unidroit.org\/?p=7583"},"modified":"2021-08-18T10:27:53","modified_gmt":"2021-08-18T10:27:53","slug":"76eme-session-de-lassemblee-generale","status":"publish","type":"post","link":"https:\/\/www.unidroit.org\/fr\/76eme-session-de-lassemblee-generale\/","title":{"rendered":"76EME SESSION DE L\u2019ASSEMBLEE GENERALE"},"content":{"rendered":"<p><img loading=\"lazy\" decoding=\"async\" src=\"https:\/\/www.unidroit.org\/english\/news\/2017\/171207-ag76\/pict01.jpg\" alt=\"pict01\" width=\"530\" height=\"290\" \/><\/p>\n<p>Le 7 d\u00e9cembre 2017, la\u00a0<a href=\"https:\/\/www.unidroit.org\/fr\/reunions\/assemblee-generale\/2260-76eme-session-rome-7-decembre-2017\">76<sup>\u00e8me<\/sup>\u00a0session de l\u2019Assembl\u00e9e G\u00e9n\u00e9rale<\/a>\u00a0s\u2019est tenue au si\u00e8ge de l\u2019Institut \u00e0 Rome. L\u2019Ambassadeur d\u2019Indon\u00e9sie a \u00e9t\u00e9 \u00e9lu Pr\u00e9sident de l\u2019Assembl\u00e9e G\u00e9n\u00e9rale 2017-2018. L\u2019Assembl\u00e9e a approuv\u00e9 les Comptes de l\u2019exercice financier 2016, a adopt\u00e9 le projet de Budget de l\u2019exercice financier 2018 et a fix\u00e9 les contributions des Etats membres de ce m\u00eame exercice. Elle a, en outre, approuv\u00e9 la nouvelle composition de la Commission des Finances et l\u2019Examen des syst\u00e8mes de r\u00e9mun\u00e9ration et de s\u00e9curit\u00e9 sociale appliqu\u00e9s au personnel d\u2019UNIDROIT.<\/p>\n<p>&nbsp;<\/p>\n","protected":false},"excerpt":{"rendered":"<p>Le 7 d\u00e9cembre 2017, la\u00a076\u00e8me\u00a0session de l\u2019Assembl\u00e9e G\u00e9n\u00e9rale\u00a0s\u2019est tenue au si\u00e8ge de l\u2019Institut \u00e0 Rome. L\u2019Ambassadeur d\u2019Indon\u00e9sie a \u00e9t\u00e9 \u00e9lu Pr\u00e9sident de l\u2019Assembl\u00e9e G\u00e9n\u00e9rale 2017-2018. L\u2019Assembl\u00e9e a approuv\u00e9 les Comptes de l\u2019exercice financier 2016, a adopt\u00e9 le projet de Budget de l\u2019exercice financier 2018 et&nbsp;<a href=\"https:\/\/www.unidroit.org\/fr\/76eme-session-de-lassemblee-generale\/\">&hellip;<\/a><\/p>\n","protected":false},"author":5,"featured_media":0,"comment_status":"closed","ping_status":"closed","sticky":false,"template":"","format":"standard","meta":{"ep_exclude_from_search":false,"footnotes":""},"categories":[79],"tags":[],"class_list":["post-7583","post","type-post","status-publish","format-standard","hentry","category-actualites","odd"],"_links":{"self":[{"href":"https:\/\/www.unidroit.org\/fr\/wp-json\/wp\/v2\/posts\/7583","targetHints":{"allow":["GET"]}}],"collection":[{"href":"https:\/\/www.unidroit.org\/fr\/wp-json\/wp\/v2\/posts"}],"about":[{"href":"https:\/\/www.unidroit.org\/fr\/wp-json\/wp\/v2\/types\/post"}],"author":[{"embeddable":true,"href":"https:\/\/www.unidroit.org\/fr\/wp-json\/wp\/v2\/users\/5"}],"replies":[{"embeddable":true,"href":"https:\/\/www.unidroit.org\/fr\/wp-json\/wp\/v2\/comments?post=7583"}],"version-history":[{"count":0,"href":"https:\/\/www.unidroit.org\/fr\/wp-json\/wp\/v2\/posts\/7583\/revisions"}],"wp:attachment":[{"href":"https:\/\/www.unidroit.org\/fr\/wp-json\/wp\/v2\/media?parent=7583"}],"wp:term":[{"taxonomy":"category","embeddable":true,"href":"https:\/\/www.unidroit.org\/fr\/wp-json\/wp\/v2\/categories?post=7583"},{"taxonomy":"post_tag","embeddable":true,"href":"https:\/\/www.unidroit.org\/fr\/wp-json\/wp\/v2\/tags?post=7583"}],"curies":[{"name":"wp","href":"https:\/\/api.w.org\/{rel}","templated":true}]}}