{"id":7587,"date":"2017-12-07T08:08:38","date_gmt":"2017-12-07T08:08:38","guid":{"rendered":"https:\/\/www.unidroit.org\/?p=7587"},"modified":"2021-08-18T10:27:53","modified_gmt":"2021-08-18T10:27:53","slug":"protocole-aeronautique-convention-du-cap-declaration-subsequente-de-la-republique-de-cote-divoire","status":"publish","type":"post","link":"https:\/\/www.unidroit.org\/fr\/protocole-aeronautique-convention-du-cap-declaration-subsequente-de-la-republique-de-cote-divoire\/","title":{"rendered":"PROTOCOLE AERONAUTIQUE CONVENTION DU CAP \u2013 DECLARATION SUBSEQUENTE DE LA REPUBLIQUE DE COTE D\u2019IVOIRE"},"content":{"rendered":"<p>Le 29 novembre 2017, le Gouvernement de la R\u00e9publique de C\u00f4te d\u2019Ivoire a notifi\u00e9 \u00e0 UNIDROIT une d\u00e9claration subs\u00e9quente en vertu de l\u2019article XIX(1) du Protocole a\u00e9ronautique. Cette d\u00e9claration subs\u00e9quente prendra effet le 1er juin 2018.<\/p>\n<p>Pour plus de d\u00e9tails concernant la Convention du Cap et le Protocole a\u00e9ronautique, voir la page<br \/>\n&#8220;<a href=\"https:\/\/www.unidroit.org\/fr\/depositaire-2001capetown\">Fonctions de D\u00e9positaire d\u2019UNIDROIT<\/a>&#8220;.<\/p>\n<p>&nbsp;<\/p>\n","protected":false},"excerpt":{"rendered":"<p>Le 29 novembre 2017, le Gouvernement de la R\u00e9publique de C\u00f4te d\u2019Ivoire a notifi\u00e9 \u00e0 UNIDROIT une d\u00e9claration subs\u00e9quente en vertu de l\u2019article XIX(1) du Protocole a\u00e9ronautique. Cette d\u00e9claration subs\u00e9quente prendra effet le 1er juin 2018. Pour plus de d\u00e9tails concernant la Convention du Cap&nbsp;<a href=\"https:\/\/www.unidroit.org\/fr\/protocole-aeronautique-convention-du-cap-declaration-subsequente-de-la-republique-de-cote-divoire\/\">&hellip;<\/a><\/p>\n","protected":false},"author":5,"featured_media":0,"comment_status":"closed","ping_status":"closed","sticky":false,"template":"","format":"standard","meta":{"ep_exclude_from_search":false,"footnotes":""},"categories":[79],"tags":[],"class_list":["post-7587","post","type-post","status-publish","format-standard","hentry","category-actualites","odd"],"_links":{"self":[{"href":"https:\/\/www.unidroit.org\/fr\/wp-json\/wp\/v2\/posts\/7587","targetHints":{"allow":["GET"]}}],"collection":[{"href":"https:\/\/www.unidroit.org\/fr\/wp-json\/wp\/v2\/posts"}],"about":[{"href":"https:\/\/www.unidroit.org\/fr\/wp-json\/wp\/v2\/types\/post"}],"author":[{"embeddable":true,"href":"https:\/\/www.unidroit.org\/fr\/wp-json\/wp\/v2\/users\/5"}],"replies":[{"embeddable":true,"href":"https:\/\/www.unidroit.org\/fr\/wp-json\/wp\/v2\/comments?post=7587"}],"version-history":[{"count":0,"href":"https:\/\/www.unidroit.org\/fr\/wp-json\/wp\/v2\/posts\/7587\/revisions"}],"wp:attachment":[{"href":"https:\/\/www.unidroit.org\/fr\/wp-json\/wp\/v2\/media?parent=7587"}],"wp:term":[{"taxonomy":"category","embeddable":true,"href":"https:\/\/www.unidroit.org\/fr\/wp-json\/wp\/v2\/categories?post=7587"},{"taxonomy":"post_tag","embeddable":true,"href":"https:\/\/www.unidroit.org\/fr\/wp-json\/wp\/v2\/tags?post=7587"}],"curies":[{"name":"wp","href":"https:\/\/api.w.org\/{rel}","templated":true}]}}