{"id":7590,"date":"2017-12-06T08:09:22","date_gmt":"2017-12-06T08:09:22","guid":{"rendered":"https:\/\/www.unidroit.org\/?p=7590"},"modified":"2021-08-18T10:27:53","modified_gmt":"2021-08-18T10:27:53","slug":"commission-preparatoire-protocole-spatial-rome-6-decembre-2017","status":"publish","type":"post","link":"https:\/\/www.unidroit.org\/fr\/commission-preparatoire-protocole-spatial-rome-6-decembre-2017\/","title":{"rendered":"COMMISSION PREPARATOIRE \u2013 PROTOCOLE SPATIAL (ROME, 6 DECEMBRE 2017)"},"content":{"rendered":"<p>La cinqui\u00e8me session de la Commission pr\u00e9paratoire pour l\u2019\u00e9tablissement du Registre international pour les biens spatiaux s\u2019est tenue \u00e0 Rome le 6 d\u00e9cembre. Les discussions ont port\u00e9 sur les progr\u00e8s accomplis en vue de la s\u00e9lection \u00a0du Conservateur, sur la nomination d\u2019une Autorit\u00e9 de surveillance et sur les \u00e9v\u00e9nements promotionnels de 2018.<\/p>\n<p>&#8211;&gt;\u00a0<a href=\"https:\/\/www.unidroit.org\/fr\/current-studies-fr\/comm-prep-prot-spatial\">Plus d\u2019informations sur les travaux de la Commission pr\u00e9paratoire (Protocole spatial)<\/a>\u00a0&lt;&#8211;<\/p>\n<p><img loading=\"lazy\" decoding=\"async\" src=\"https:\/\/www.unidroit.org\/english\/news\/2017\/171206-space-prepcom-rome\/pict01.jpg\" alt=\"pict01\" width=\"500\" height=\"269\" \/><\/p>\n<p><em>Salle de r\u00e9union avec les membres de la Commission pr\u00e9paratoire.<\/em><\/p>\n","protected":false},"excerpt":{"rendered":"<p>La cinqui\u00e8me session de la Commission pr\u00e9paratoire pour l\u2019\u00e9tablissement du Registre international pour les biens spatiaux s\u2019est tenue \u00e0 Rome le 6 d\u00e9cembre. Les discussions ont port\u00e9 sur les progr\u00e8s accomplis en vue de la s\u00e9lection \u00a0du Conservateur, sur la nomination d\u2019une Autorit\u00e9 de surveillance&nbsp;<a href=\"https:\/\/www.unidroit.org\/fr\/commission-preparatoire-protocole-spatial-rome-6-decembre-2017\/\">&hellip;<\/a><\/p>\n","protected":false},"author":5,"featured_media":0,"comment_status":"closed","ping_status":"closed","sticky":false,"template":"","format":"standard","meta":{"ep_exclude_from_search":false,"footnotes":""},"categories":[79],"tags":[],"class_list":["post-7590","post","type-post","status-publish","format-standard","hentry","category-actualites","odd"],"_links":{"self":[{"href":"https:\/\/www.unidroit.org\/fr\/wp-json\/wp\/v2\/posts\/7590","targetHints":{"allow":["GET"]}}],"collection":[{"href":"https:\/\/www.unidroit.org\/fr\/wp-json\/wp\/v2\/posts"}],"about":[{"href":"https:\/\/www.unidroit.org\/fr\/wp-json\/wp\/v2\/types\/post"}],"author":[{"embeddable":true,"href":"https:\/\/www.unidroit.org\/fr\/wp-json\/wp\/v2\/users\/5"}],"replies":[{"embeddable":true,"href":"https:\/\/www.unidroit.org\/fr\/wp-json\/wp\/v2\/comments?post=7590"}],"version-history":[{"count":0,"href":"https:\/\/www.unidroit.org\/fr\/wp-json\/wp\/v2\/posts\/7590\/revisions"}],"wp:attachment":[{"href":"https:\/\/www.unidroit.org\/fr\/wp-json\/wp\/v2\/media?parent=7590"}],"wp:term":[{"taxonomy":"category","embeddable":true,"href":"https:\/\/www.unidroit.org\/fr\/wp-json\/wp\/v2\/categories?post=7590"},{"taxonomy":"post_tag","embeddable":true,"href":"https:\/\/www.unidroit.org\/fr\/wp-json\/wp\/v2\/tags?post=7590"}],"curies":[{"name":"wp","href":"https:\/\/api.w.org\/{rel}","templated":true}]}}