{"id":7647,"date":"2017-10-30T08:22:56","date_gmt":"2017-10-30T08:22:56","guid":{"rendered":"https:\/\/www.unidroit.org\/?p=7647"},"modified":"2021-08-18T10:27:55","modified_gmt":"2021-08-18T10:27:55","slug":"unidroit-cnudci-et-la-conference-de-la-haye-de-droit-international-prive-se-reunissent-a-francfort-avec-des-experts-pour-discuter-dun-guide-sur-le-droit-de-vente-international","status":"publish","type":"post","link":"https:\/\/www.unidroit.org\/fr\/unidroit-cnudci-et-la-conference-de-la-haye-de-droit-international-prive-se-reunissent-a-francfort-avec-des-experts-pour-discuter-dun-guide-sur-le-droit-de-vente-international\/","title":{"rendered":"UNIDROIT, CNUDCI ET LA CONFERENCE DE LA HAYE DE DROIT INTERNATIONAL PRIVE SE REUNISSENT A FRANCFORT AVEC DES EXPERTS POUR DISCUTER D\u2019UN GUIDE SUR LE DROIT DE VENTE INTERNATIONAL"},"content":{"rendered":"<p>Le 25 octobre 2017, une r\u00e9union s\u2019est tenue \u00e0 Francfort avec la CNUDCI et la Conf\u00e9rence de La Haye de droit international priv\u00e9 pour coordonner les travaux relatifs \u00e0 la pr\u00e9paration d\u2019un guide sur les documents existants dans le domaine du droit de vente international. Le Groupe d\u2019experts et les repr\u00e9sentants des trois Secr\u00e9tariats ont clarifi\u00e9 la port\u00e9e, la m\u00e9thodologie et le calendrier du projet. Aimablement accueillis par le Professeur Stefan Vogenauer de l\u2019Institut Max-Planck d\u2019histoire europ\u00e9enne du droit, le Professeur Anna Veneziano, Secr\u00e9taire G\u00e9n\u00e9ral a.i. d\u2019UNIDROIT, M. Luca Castellani (Fonctionnaire juridique, CNUDCI), Mme Ning Zhao (Fonctionnaire juridique principale, HCCH) et les Professeurs Pilar Perales Viscasillas (Universidad Carlos III de Madrid), Hiroo Sono (Universit\u00e9 d\u2019Hokkaido, Facult\u00e9 de droit), Lauro Gama (Binenbojm, Gama &amp; Carvalho Britto Advogados), ainsi que le Professeur \u00a0Neil Cohen (Facult\u00e9 de droit de Brooklyn) \u00e0 distance ont particip\u00e9 \u00e0 cette r\u00e9union.<\/p>\n<p><img loading=\"lazy\" decoding=\"async\" src=\"https:\/\/www.unidroit.org\/english\/news\/2017\/171025-unidroit-uncitral-hcch-frankfurt\/pct01.jpg\" alt=\"pct01\" width=\"500\" height=\"321\" \/><\/p>\n<p><em><strong>De gauche \u00e0 droite:<\/strong>\u00a0Mme Ning Zhao, Prof. Lauro Gama, M. Luca Castellani, Professeurs<br \/>\nPilar Perales Viscasillas, Anna Veneziano, Stefan Vogenauer et Hiroo Sono.<\/em><\/p>\n<p>&nbsp;<\/p>\n","protected":false},"excerpt":{"rendered":"<p>Le 25 octobre 2017, une r\u00e9union s\u2019est tenue \u00e0 Francfort avec la CNUDCI et la Conf\u00e9rence de La Haye de droit international priv\u00e9 pour coordonner les travaux relatifs \u00e0 la pr\u00e9paration d\u2019un guide sur les documents existants dans le domaine du droit de vente international.&nbsp;<a href=\"https:\/\/www.unidroit.org\/fr\/unidroit-cnudci-et-la-conference-de-la-haye-de-droit-international-prive-se-reunissent-a-francfort-avec-des-experts-pour-discuter-dun-guide-sur-le-droit-de-vente-international\/\">&hellip;<\/a><\/p>\n","protected":false},"author":5,"featured_media":0,"comment_status":"closed","ping_status":"closed","sticky":false,"template":"","format":"standard","meta":{"ep_exclude_from_search":false,"footnotes":""},"categories":[79],"tags":[],"class_list":["post-7647","post","type-post","status-publish","format-standard","hentry","category-actualites","odd"],"_links":{"self":[{"href":"https:\/\/www.unidroit.org\/fr\/wp-json\/wp\/v2\/posts\/7647","targetHints":{"allow":["GET"]}}],"collection":[{"href":"https:\/\/www.unidroit.org\/fr\/wp-json\/wp\/v2\/posts"}],"about":[{"href":"https:\/\/www.unidroit.org\/fr\/wp-json\/wp\/v2\/types\/post"}],"author":[{"embeddable":true,"href":"https:\/\/www.unidroit.org\/fr\/wp-json\/wp\/v2\/users\/5"}],"replies":[{"embeddable":true,"href":"https:\/\/www.unidroit.org\/fr\/wp-json\/wp\/v2\/comments?post=7647"}],"version-history":[{"count":0,"href":"https:\/\/www.unidroit.org\/fr\/wp-json\/wp\/v2\/posts\/7647\/revisions"}],"wp:attachment":[{"href":"https:\/\/www.unidroit.org\/fr\/wp-json\/wp\/v2\/media?parent=7647"}],"wp:term":[{"taxonomy":"category","embeddable":true,"href":"https:\/\/www.unidroit.org\/fr\/wp-json\/wp\/v2\/categories?post=7647"},{"taxonomy":"post_tag","embeddable":true,"href":"https:\/\/www.unidroit.org\/fr\/wp-json\/wp\/v2\/tags?post=7647"}],"curies":[{"name":"wp","href":"https:\/\/api.w.org\/{rel}","templated":true}]}}