{"id":7672,"date":"2017-09-29T08:28:44","date_gmt":"2017-09-29T08:28:44","guid":{"rendered":"https:\/\/www.unidroit.org\/?p=7672"},"modified":"2021-08-18T10:28:29","modified_gmt":"2021-08-18T10:28:29","slug":"protocole-mac-deuxieme-session-du-comite-dexperts-gouvernementaux-rome-fao-2-6-octobre-2017","status":"publish","type":"post","link":"https:\/\/www.unidroit.org\/fr\/protocole-mac-deuxieme-session-du-comite-dexperts-gouvernementaux-rome-fao-2-6-octobre-2017\/","title":{"rendered":"PROTOCOLE MAC: DEUXIEME SESSION DU COMITE D&#8217;EXPERTS GOUVERNEMENTAUX (ROME, FAO, 2-6 OCTOBRE 2017)"},"content":{"rendered":"<p><img loading=\"lazy\" decoding=\"async\" src=\"https:\/\/www.unidroit.org\/english\/news\/2017\/171002-mac-protocol-cge02\/pict01.jpg\" alt=\"pict01\" width=\"540\" height=\"304\" \/><\/p>\n<p>UNIDROIT tient \u00e0 rappeler aux Etats et aux organisations invit\u00e9es que les observations sur\u00a0<a href=\"https:\/\/www.unidroit.org\/french\/documents\/2017\/etude72k\/cge02\/s-72k-cge02-02-f.pdf\">l&#8217;avant-projet de Protocole MAC<\/a>\u00a0ont \u00e9t\u00e9 demand\u00e9es avant le 1<sup>er<\/sup>\u00a0septembre 2017 pour traduction et distribution aux participants. Les observations re\u00e7ues apr\u00e8s le 1<sup>er<\/sup>\u00a0septembre pourraient ne pas \u00eatre traduites.<\/p>\n<p>Les Etats et les organisations invit\u00e9es sont \u00e9galement pri\u00e9s de nommer leurs d\u00e9l\u00e9gu\u00e9s et d&#8217;envoyer le formulaire d\u00fbment rempli et la photographie au plus tard le 15 septembre 2017.<\/p>\n<p>Les proc\u00e9dures de s\u00e9curit\u00e9 de la FAO pr\u00e9voient le port d\u2019un badge approuv\u00e9 par la FAO sur lequel figure la photographie du participant pour acc\u00e9der \u00e0 la salle de r\u00e9union. Les participants qui ne souhaitent pas que leur acc\u00e8s \u00e0 la FAO soit retard\u00e9 devront envoyer une photographie couleur format passeport par courrier \u00e9lectronique pour insertion sur le badge.<\/p>\n<p>-&gt; Pour plus d&#8217;informations sur la deuxi\u00e8me session du Comit\u00e9 d&#8217;experts<br \/>\ngouvernementaux, cliquez\u00a0<a href=\"https:\/\/www.unidroit.org\/fr\/current-studies-fr\/protocole-mac#a2\">ici<\/a>.<\/p>\n<p>-&gt; Pour plus d\u2019informations sur le projet de Protocole MAC, veuillez contacter<br \/>\nle Secr\u00e9tariat:\u00a0<strong><span id=\"cloak92f663032eaefc234a7940d12c656639\"><a href=\"mailto:info@unidroit.org\">info@unidroit.org<\/a><\/span><\/strong><\/p>\n","protected":false},"excerpt":{"rendered":"<p>UNIDROIT tient \u00e0 rappeler aux Etats et aux organisations invit\u00e9es que les observations sur\u00a0l&#8217;avant-projet de Protocole MAC\u00a0ont \u00e9t\u00e9 demand\u00e9es avant le 1er\u00a0septembre 2017 pour traduction et distribution aux participants. Les observations re\u00e7ues apr\u00e8s le 1er\u00a0septembre pourraient ne pas \u00eatre traduites. Les Etats et les organisations&nbsp;<a href=\"https:\/\/www.unidroit.org\/fr\/protocole-mac-deuxieme-session-du-comite-dexperts-gouvernementaux-rome-fao-2-6-octobre-2017\/\">&hellip;<\/a><\/p>\n","protected":false},"author":5,"featured_media":0,"comment_status":"closed","ping_status":"closed","sticky":false,"template":"","format":"standard","meta":{"ep_exclude_from_search":false,"footnotes":""},"categories":[79],"tags":[],"class_list":["post-7672","post","type-post","status-publish","format-standard","hentry","category-actualites","odd"],"_links":{"self":[{"href":"https:\/\/www.unidroit.org\/fr\/wp-json\/wp\/v2\/posts\/7672","targetHints":{"allow":["GET"]}}],"collection":[{"href":"https:\/\/www.unidroit.org\/fr\/wp-json\/wp\/v2\/posts"}],"about":[{"href":"https:\/\/www.unidroit.org\/fr\/wp-json\/wp\/v2\/types\/post"}],"author":[{"embeddable":true,"href":"https:\/\/www.unidroit.org\/fr\/wp-json\/wp\/v2\/users\/5"}],"replies":[{"embeddable":true,"href":"https:\/\/www.unidroit.org\/fr\/wp-json\/wp\/v2\/comments?post=7672"}],"version-history":[{"count":0,"href":"https:\/\/www.unidroit.org\/fr\/wp-json\/wp\/v2\/posts\/7672\/revisions"}],"wp:attachment":[{"href":"https:\/\/www.unidroit.org\/fr\/wp-json\/wp\/v2\/media?parent=7672"}],"wp:term":[{"taxonomy":"category","embeddable":true,"href":"https:\/\/www.unidroit.org\/fr\/wp-json\/wp\/v2\/categories?post=7672"},{"taxonomy":"post_tag","embeddable":true,"href":"https:\/\/www.unidroit.org\/fr\/wp-json\/wp\/v2\/tags?post=7672"}],"curies":[{"name":"wp","href":"https:\/\/api.w.org\/{rel}","templated":true}]}}