{"id":7688,"date":"2017-09-24T08:32:23","date_gmt":"2017-09-24T08:32:23","guid":{"rendered":"https:\/\/www.unidroit.org\/?p=7688"},"modified":"2021-08-18T10:28:29","modified_gmt":"2021-08-18T10:28:29","slug":"convention-du-cap-et-protocole-aeronautique-adhesion-du-burkina-faso","status":"publish","type":"post","link":"https:\/\/www.unidroit.org\/fr\/convention-du-cap-et-protocole-aeronautique-adhesion-du-burkina-faso\/","title":{"rendered":"CONVENTION DU CAP ET PROTOCOLE AERONAUTIQUE \u2013 ADHESION DU BURKINA FASO"},"content":{"rendered":"<p>Le 8 septembre 2017, UNIDROIT a accept\u00e9 l\u2019instrument du Burkina Faso d\u2019adh\u00e9sion au Protocole a\u00e9ronautique \u00e0 la Convention relative aux garanties internationales portant sur des mat\u00e9riels d\u2019\u00e9quipement mobiles. La Convention et le Protocole a\u00e9ronautique entreront formellement en vigueur pour le Burkina Faso le 1er janvier 2018. Pour plus de d\u00e9tails concernant la Convention et ses Protocoles, voir la page\u00a0<a href=\"https:\/\/www.unidroit.org\/fr\/depositaire-2001capetown\">&#8220;Fonctions de D\u00e9positaire d\u2019UNIDROIT&#8221;<\/a>.<\/p>\n","protected":false},"excerpt":{"rendered":"<p>Le 8 septembre 2017, UNIDROIT a accept\u00e9 l\u2019instrument du Burkina Faso d\u2019adh\u00e9sion au Protocole a\u00e9ronautique \u00e0 la Convention relative aux garanties internationales portant sur des mat\u00e9riels d\u2019\u00e9quipement mobiles. La Convention et le Protocole a\u00e9ronautique entreront formellement en vigueur pour le Burkina Faso le 1er janvier&nbsp;<a href=\"https:\/\/www.unidroit.org\/fr\/convention-du-cap-et-protocole-aeronautique-adhesion-du-burkina-faso\/\">&hellip;<\/a><\/p>\n","protected":false},"author":5,"featured_media":0,"comment_status":"closed","ping_status":"closed","sticky":false,"template":"","format":"standard","meta":{"ep_exclude_from_search":false,"footnotes":""},"categories":[79],"tags":[],"class_list":["post-7688","post","type-post","status-publish","format-standard","hentry","category-actualites","odd"],"_links":{"self":[{"href":"https:\/\/www.unidroit.org\/fr\/wp-json\/wp\/v2\/posts\/7688","targetHints":{"allow":["GET"]}}],"collection":[{"href":"https:\/\/www.unidroit.org\/fr\/wp-json\/wp\/v2\/posts"}],"about":[{"href":"https:\/\/www.unidroit.org\/fr\/wp-json\/wp\/v2\/types\/post"}],"author":[{"embeddable":true,"href":"https:\/\/www.unidroit.org\/fr\/wp-json\/wp\/v2\/users\/5"}],"replies":[{"embeddable":true,"href":"https:\/\/www.unidroit.org\/fr\/wp-json\/wp\/v2\/comments?post=7688"}],"version-history":[{"count":0,"href":"https:\/\/www.unidroit.org\/fr\/wp-json\/wp\/v2\/posts\/7688\/revisions"}],"wp:attachment":[{"href":"https:\/\/www.unidroit.org\/fr\/wp-json\/wp\/v2\/media?parent=7688"}],"wp:term":[{"taxonomy":"category","embeddable":true,"href":"https:\/\/www.unidroit.org\/fr\/wp-json\/wp\/v2\/categories?post=7688"},{"taxonomy":"post_tag","embeddable":true,"href":"https:\/\/www.unidroit.org\/fr\/wp-json\/wp\/v2\/tags?post=7688"}],"curies":[{"name":"wp","href":"https:\/\/api.w.org\/{rel}","templated":true}]}}