{"id":7714,"date":"2017-09-08T08:49:39","date_gmt":"2017-09-08T08:49:39","guid":{"rendered":"https:\/\/www.unidroit.org\/?p=7714"},"modified":"2021-08-18T10:28:30","modified_gmt":"2021-08-18T10:28:30","slug":"unidroit-accueille-une-conference-de-lecsl","status":"publish","type":"post","link":"https:\/\/www.unidroit.org\/fr\/unidroit-accueille-une-conference-de-lecsl\/","title":{"rendered":"UNIDROIT ACCUEILLE UNE CONFERENCE DE L&#8217;ECSL"},"content":{"rendered":"<p>Le 8 septembre 2017, UNIDROIT a accueilli la 26\u00e8me\u00a0session du Cours d&#8217;\u00e9t\u00e9 de l&#8217;ECSL sur le droit de l&#8217;espace et les politiques spatiales organis\u00e9e, cette ann\u00e9e, par l&#8217;Universit\u00e9 La Sapienza de Rome.<\/p>\n<p>Une cinquantaine de juristes provenant de 29 universit\u00e9s europ\u00e9ennes ont assist\u00e9 \u00e0 la conf\u00e9rence, qui s\u2019est tenue \u00e0 la Biblioth\u00e8que d&#8217;UNIDROIT. Neale Bergman, Fonctionnaire d\u2019UNIDROIT,\u00a0a donn\u00e9 un aper\u00e7u des activit\u00e9s de l\u2019Institut, avec une attention particuli\u00e8re \u00e0 la Convention du Cap et au Protocole a\u00e9ronautique. Une pr\u00e9sentation du Protocole spatial a ensuite \u00e9t\u00e9 faite par le Pr\u00e9sident de l\u2019ECSL et Pr\u00e9sident de la Commission pl\u00e9ni\u00e8re de la Conf\u00e9rence diplomatique pour l&#8217;adoption du projet de Protocole portant sur les questions sp\u00e9cifiques aux biens spatiaux \u00e0 la Convention relative aux garanties internationales portant sur des mat\u00e9riels d&#8217;\u00e9quipement mobiles (Berlin, 2012). Les participants ont ensuite eu droit \u00e0 une visite de la Biblioth\u00e8que d\u2019UNIDROIT et de l\u2019Institut.<\/p>\n<p><img loading=\"lazy\" decoding=\"async\" src=\"https:\/\/www.unidroit.org\/english\/news\/2017\/170908-ecsl-lecture\/pict02.jpg\" alt=\"pict02\" width=\"430\" height=\"255\" \/><\/p>\n<p><em>Le Professeur Marchisio durant son intervention sur le Protocole spatial.<\/em><\/p>\n<p>&nbsp;<\/p>\n","protected":false},"excerpt":{"rendered":"<p>Le 8 septembre 2017, UNIDROIT a accueilli la 26\u00e8me\u00a0session du Cours d&#8217;\u00e9t\u00e9 de l&#8217;ECSL sur le droit de l&#8217;espace et les politiques spatiales organis\u00e9e, cette ann\u00e9e, par l&#8217;Universit\u00e9 La Sapienza de Rome. Une cinquantaine de juristes provenant de 29 universit\u00e9s europ\u00e9ennes ont assist\u00e9 \u00e0 la&nbsp;<a href=\"https:\/\/www.unidroit.org\/fr\/unidroit-accueille-une-conference-de-lecsl\/\">&hellip;<\/a><\/p>\n","protected":false},"author":5,"featured_media":0,"comment_status":"closed","ping_status":"closed","sticky":false,"template":"","format":"standard","meta":{"ep_exclude_from_search":false,"footnotes":""},"categories":[79],"tags":[],"class_list":["post-7714","post","type-post","status-publish","format-standard","hentry","category-actualites","odd"],"_links":{"self":[{"href":"https:\/\/www.unidroit.org\/fr\/wp-json\/wp\/v2\/posts\/7714","targetHints":{"allow":["GET"]}}],"collection":[{"href":"https:\/\/www.unidroit.org\/fr\/wp-json\/wp\/v2\/posts"}],"about":[{"href":"https:\/\/www.unidroit.org\/fr\/wp-json\/wp\/v2\/types\/post"}],"author":[{"embeddable":true,"href":"https:\/\/www.unidroit.org\/fr\/wp-json\/wp\/v2\/users\/5"}],"replies":[{"embeddable":true,"href":"https:\/\/www.unidroit.org\/fr\/wp-json\/wp\/v2\/comments?post=7714"}],"version-history":[{"count":0,"href":"https:\/\/www.unidroit.org\/fr\/wp-json\/wp\/v2\/posts\/7714\/revisions"}],"wp:attachment":[{"href":"https:\/\/www.unidroit.org\/fr\/wp-json\/wp\/v2\/media?parent=7714"}],"wp:term":[{"taxonomy":"category","embeddable":true,"href":"https:\/\/www.unidroit.org\/fr\/wp-json\/wp\/v2\/categories?post=7714"},{"taxonomy":"post_tag","embeddable":true,"href":"https:\/\/www.unidroit.org\/fr\/wp-json\/wp\/v2\/tags?post=7714"}],"curies":[{"name":"wp","href":"https:\/\/api.w.org\/{rel}","templated":true}]}}