{"id":7811,"date":"2017-05-12T09:12:40","date_gmt":"2017-05-12T09:12:40","guid":{"rendered":"https:\/\/www.unidroit.org\/?p=7811"},"modified":"2021-08-18T10:29:22","modified_gmt":"2021-08-18T10:29:22","slug":"96eme-session-du-conseil-de-direction","status":"publish","type":"post","link":"https:\/\/www.unidroit.org\/fr\/96eme-session-du-conseil-de-direction\/","title":{"rendered":"96EME SESSION DU CONSEIL DE DIRECTION"},"content":{"rendered":"<p>La 96\u00e8me session du Conseil de Direction de l&#8217;Institut s&#8217;est tenue \u00e0 Rome du 10 au 12 mai 2017. Le Conseil de Direction a examin\u00e9 l&#8217;\u00e9tat d&#8217;avancement des projets en cours et de l\u2019ex\u00e9cution des projets achev\u00e9s, ainsi que l\u2019\u00e9tat de mise en \u0153uvre des conventions. Le Conseil a, en outre, adopt\u00e9 et autoris\u00e9 la publication du\u00a0<a href=\"https:\/\/www.unidroit.org\/fr\/travaux-en-cours-etudes\/current-studies-fr\/marches-financiers-emergents\">Guide L\u00e9gislatif d\u2019UNIDROIT sur les titres interm\u00e9di\u00e9s<\/a>.<\/p>\n<p>L\u2019Institut a accueilli l\u2019apr\u00e8s-midi du 12 mai 2017 un Colloque international sur \u00ab\u00a0<a href=\"https:\/\/www.unidroit.org\/french\/governments\/councildocuments\/2017session\/cd-96-x1-f.pdf\">L\u2019impact du droit de l\u2019Union europ\u00e9enne sur le droit priv\u00e9 interne\u00a0: concurrence, march\u00e9 int\u00e9rieur, directives, application\u00a0<em>ex officio<\/em>\u00a0<\/a>\u00bb<\/p>\n<p><img loading=\"lazy\" decoding=\"async\" src=\"https:\/\/www.unidroit.org\/images\/arrows\/black-right-01.gif\" alt=\"black right 01\" width=\"12\" height=\"12\" \/>\u00a0<a href=\"https:\/\/www.unidroit.org\/fr\/reunions\/conseil-de-direction\/2162-96eme-session-rome-10-12-mai-2017\">Plus d&#8217;informations<\/a>.<\/p>\n<p>&nbsp;<\/p>\n<table>\n<tbody>\n<tr>\n<td><a title=\"Larger image\" href=\"https:\/\/www.unidroit.org\/english\/news\/2017\/170510-gc96\/pcit01.jpg\"><img loading=\"lazy\" decoding=\"async\" src=\"https:\/\/www.unidroit.org\/english\/news\/2017\/170510-gc96\/pcit01.jpg\" alt=\"pcit01\" width=\"173\" height=\"125\" \/><\/a><\/td>\n<td><\/td>\n<td><a title=\"Larger image\" href=\"https:\/\/www.unidroit.org\/english\/news\/2017\/170510-gc96\/pict02.jpg\"><img loading=\"lazy\" decoding=\"async\" src=\"https:\/\/www.unidroit.org\/english\/news\/2017\/170510-gc96\/pict02.jpg\" alt=\"pict02\" width=\"356\" height=\"125\" \/><\/a><\/td>\n<\/tr>\n<tr>\n<td><em><strong>De gauche \u00e0 droite:<\/strong>\u00a0M. Jos\u00e9 Angelo Estrella Faria, Secr\u00e9taire G\u00e9n\u00e9ral d\u2019UNIDROIT, M. le Professeur Alberto Mazzoni, Pr\u00e9sident d\u2019UNIDROIT, Mme le Professeur Anna Veneziano, Secr\u00e9taire G\u00e9n\u00e9ral adjoint d\u2019UNIDROIT et M. William Brydie-Watson, Fonctionnaire d\u2019UNIDROIT.<\/em><\/td>\n<td><\/td>\n<td><em>Membres du Conseil de Direction et observateurs assistant \u00e0 la r\u00e9union.<\/em><\/td>\n<\/tr>\n<\/tbody>\n<\/table>\n","protected":false},"excerpt":{"rendered":"<p>La 96\u00e8me session du Conseil de Direction de l&#8217;Institut s&#8217;est tenue \u00e0 Rome du 10 au 12 mai 2017. Le Conseil de Direction a examin\u00e9 l&#8217;\u00e9tat d&#8217;avancement des projets en cours et de l\u2019ex\u00e9cution des projets achev\u00e9s, ainsi que l\u2019\u00e9tat de mise en \u0153uvre des&nbsp;<a href=\"https:\/\/www.unidroit.org\/fr\/96eme-session-du-conseil-de-direction\/\">&hellip;<\/a><\/p>\n","protected":false},"author":5,"featured_media":0,"comment_status":"closed","ping_status":"closed","sticky":false,"template":"","format":"standard","meta":{"ep_exclude_from_search":false,"footnotes":""},"categories":[79],"tags":[],"class_list":["post-7811","post","type-post","status-publish","format-standard","hentry","category-actualites","odd"],"_links":{"self":[{"href":"https:\/\/www.unidroit.org\/fr\/wp-json\/wp\/v2\/posts\/7811","targetHints":{"allow":["GET"]}}],"collection":[{"href":"https:\/\/www.unidroit.org\/fr\/wp-json\/wp\/v2\/posts"}],"about":[{"href":"https:\/\/www.unidroit.org\/fr\/wp-json\/wp\/v2\/types\/post"}],"author":[{"embeddable":true,"href":"https:\/\/www.unidroit.org\/fr\/wp-json\/wp\/v2\/users\/5"}],"replies":[{"embeddable":true,"href":"https:\/\/www.unidroit.org\/fr\/wp-json\/wp\/v2\/comments?post=7811"}],"version-history":[{"count":0,"href":"https:\/\/www.unidroit.org\/fr\/wp-json\/wp\/v2\/posts\/7811\/revisions"}],"wp:attachment":[{"href":"https:\/\/www.unidroit.org\/fr\/wp-json\/wp\/v2\/media?parent=7811"}],"wp:term":[{"taxonomy":"category","embeddable":true,"href":"https:\/\/www.unidroit.org\/fr\/wp-json\/wp\/v2\/categories?post=7811"},{"taxonomy":"post_tag","embeddable":true,"href":"https:\/\/www.unidroit.org\/fr\/wp-json\/wp\/v2\/tags?post=7811"}],"curies":[{"name":"wp","href":"https:\/\/api.w.org\/{rel}","templated":true}]}}