{"id":7842,"date":"2017-04-04T09:24:19","date_gmt":"2017-04-04T09:24:19","guid":{"rendered":"https:\/\/www.unidroit.org\/?p=7842"},"modified":"2021-08-18T10:29:24","modified_gmt":"2021-08-18T10:29:24","slug":"la-premiere-reunion-du-g7-sur-la-culture","status":"publish","type":"post","link":"https:\/\/www.unidroit.org\/fr\/la-premiere-reunion-du-g7-sur-la-culture\/","title":{"rendered":"LA PREMIERE REUNION DU G7 SUR LA CULTURE"},"content":{"rendered":"<p>Les 30 et 31 mars 2017, UNIDROIT a \u00e9t\u00e9 invit\u00e9 \u00e0 participer \u00e0 la premi\u00e8re r\u00e9union du G7 sur la culture dans l&#8217;histoire du G7, organis\u00e9e par l&#8217;Italie \u00e0 Florence.<\/p>\n<p>La R\u00e9union minist\u00e9rielle \u00e0 laquelle a assist\u00e9 le Prof. Anna Veneziano, Secr\u00e9taire g\u00e9n\u00e9ral adjoint d&#8217;UNIDROIT, a \u00e9t\u00e9 pr\u00e9c\u00e9d\u00e9e d&#8217;une r\u00e9union technique sur les d\u00e9fis et les opportunit\u00e9s du cadre juridique actuel, les meilleures strat\u00e9gies et mesures pr\u00e9ventives pour la sauvegarde des biens culturels contre le trafic illicite, et les am\u00e9liorations en termes de sensibilisation et \u00e9ducation \u00e0 laquelle UNIDROIT a apport\u00e9 sa contribution.<\/p>\n<p>La D\u00e9claration sign\u00e9e par les sept Ministres de la culture invite instamment les Etats \u00e0 renforcer la sauvegarde et la pr\u00e9servation du patrimoine culturel, \u00e0 identifier et \u00e0 partager les meilleures pratiques appropri\u00e9es pour lutter contre toutes les formes d&#8217;activit\u00e9s ill\u00e9gales dans ce domaine, ainsi qu&#8217;\u00e0 ratifier les conventions pertinentes existantes contre le trafic illicite de biens culturels parmi lesquelles la Convention d&#8217;UNIDROIT de 1995 sur les biens culturels vol\u00e9s ou illicitement export\u00e9s.<\/p>\n<p><a href=\"http:\/\/www.beniculturali.it\/mibac\/multimedia\/MiBAC\/documents\/1490881236694_DECLARATION-Dichiarazione.pdf\" target=\"_blank\" rel=\"noopener\">D\u00e9claration conjointe<\/a>\u00a0des Ministres de la culture du G7.<\/p>\n<p>&nbsp;<\/p>\n<p><a title=\"Agrandir l&#039;image\" href=\"https:\/\/www.unidroit.org\/english\/news\/2017\/170330-g7-culture-meeting-1-florence\/pict01.jpg\"><img loading=\"lazy\" decoding=\"async\" src=\"https:\/\/www.unidroit.org\/english\/news\/2017\/170330-g7-culture-meeting-1-florence\/pict01.jpg\" alt=\"pict01\" width=\"450\" height=\"270\" \/><\/a><\/p>\n<p><em>Photo du public assis.<\/em><\/p>\n<p>&nbsp;<\/p>\n","protected":false},"excerpt":{"rendered":"<p>Les 30 et 31 mars 2017, UNIDROIT a \u00e9t\u00e9 invit\u00e9 \u00e0 participer \u00e0 la premi\u00e8re r\u00e9union du G7 sur la culture dans l&#8217;histoire du G7, organis\u00e9e par l&#8217;Italie \u00e0 Florence. La R\u00e9union minist\u00e9rielle \u00e0 laquelle a assist\u00e9 le Prof. Anna Veneziano, Secr\u00e9taire g\u00e9n\u00e9ral adjoint d&#8217;UNIDROIT,&nbsp;<a href=\"https:\/\/www.unidroit.org\/fr\/la-premiere-reunion-du-g7-sur-la-culture\/\">&hellip;<\/a><\/p>\n","protected":false},"author":5,"featured_media":0,"comment_status":"closed","ping_status":"closed","sticky":false,"template":"","format":"standard","meta":{"ep_exclude_from_search":false,"footnotes":""},"categories":[79],"tags":[],"class_list":["post-7842","post","type-post","status-publish","format-standard","hentry","category-actualites","odd"],"_links":{"self":[{"href":"https:\/\/www.unidroit.org\/fr\/wp-json\/wp\/v2\/posts\/7842","targetHints":{"allow":["GET"]}}],"collection":[{"href":"https:\/\/www.unidroit.org\/fr\/wp-json\/wp\/v2\/posts"}],"about":[{"href":"https:\/\/www.unidroit.org\/fr\/wp-json\/wp\/v2\/types\/post"}],"author":[{"embeddable":true,"href":"https:\/\/www.unidroit.org\/fr\/wp-json\/wp\/v2\/users\/5"}],"replies":[{"embeddable":true,"href":"https:\/\/www.unidroit.org\/fr\/wp-json\/wp\/v2\/comments?post=7842"}],"version-history":[{"count":0,"href":"https:\/\/www.unidroit.org\/fr\/wp-json\/wp\/v2\/posts\/7842\/revisions"}],"wp:attachment":[{"href":"https:\/\/www.unidroit.org\/fr\/wp-json\/wp\/v2\/media?parent=7842"}],"wp:term":[{"taxonomy":"category","embeddable":true,"href":"https:\/\/www.unidroit.org\/fr\/wp-json\/wp\/v2\/categories?post=7842"},{"taxonomy":"post_tag","embeddable":true,"href":"https:\/\/www.unidroit.org\/fr\/wp-json\/wp\/v2\/tags?post=7842"}],"curies":[{"name":"wp","href":"https:\/\/api.w.org\/{rel}","templated":true}]}}