{"id":7851,"date":"2017-03-30T09:26:31","date_gmt":"2017-03-30T09:26:31","guid":{"rendered":"https:\/\/www.unidroit.org\/?p=7851"},"modified":"2021-08-18T10:29:24","modified_gmt":"2021-08-18T10:29:24","slug":"le-secretaire-general-presente-a-un-symposium-sur-le-protocole-ferroviaire-de-luxembourg-a-beijing","status":"publish","type":"post","link":"https:\/\/www.unidroit.org\/fr\/le-secretaire-general-presente-a-un-symposium-sur-le-protocole-ferroviaire-de-luxembourg-a-beijing\/","title":{"rendered":"LE SECRETAIRE GENERAL PRESENTE A UN SYMPOSIUM SUR LE PROTOCOLE FERROVIAIRE DE LUXEMBOURG A BEIJING"},"content":{"rendered":"<p>Le 28 mars 2017, le Secr\u00e9taire G\u00e9n\u00e9ral d\u2019UNIDROIT a \u00e9t\u00e9 invit\u00e9 \u00e0 participer \u00e0 un colloque sur le Protocole de Luxembourg portant sur les questions sp\u00e9cifiques au mat\u00e9riel roulant ferroviaire \u00e0 la convention relative aux garanties internationales portant sur des mat\u00e9riels d\u2019\u00e9quipement mobiles. Le symposium, organis\u00e9 par le D\u00e9partement des trait\u00e9s et des lois du Minist\u00e8re du commerce de la R\u00e9publique Populaire de Chine (MOFCOM) et h\u00e9berg\u00e9 par la University of International Business and Economics (UIBE), s\u2019adressait aux intervenants de l&#8217;industrie et aux fonctionnaires de gouvernements et visait \u00e0 fournir une compr\u00e9hension des avantages du Protocole ferroviaire, son impact global, le fonctionnement du Registre, ainsi qu&#8217;une \u00e9valuation fond\u00e9e sur le Protocole a\u00e9ronautique. Le symposium a \u00e9t\u00e9 ouvert par M. YE Jun (Directeur G\u00e9n\u00e9ral adjoint, D\u00e9partement des trait\u00e9s et du droit, MOFCOM) et par le Professeur SHI Jingxia (Doyen UIBE Law School), LIU Keyi (Directeur adjoint, Division du droit commercial int\u00e9rieur, MOFCOM) et a comport\u00e9 des expos\u00e9s du Secr\u00e9taire G\u00e9n\u00e9ral sur le Protocole ferroviaire et de Mme Elizabeth Hirst (Directeur G\u00e9n\u00e9ral de Regulis SA &#8211; Greffier d\u00e9sign\u00e9 du Registre international en vertu du Protocole ferroviaire) sur le fonctionnement du Registre international ferroviaire.<\/p>\n<p>Cliquez\u00a0<img loading=\"lazy\" decoding=\"async\" src=\"https:\/\/www.unidroit.org\/images\/arrows\/black-right-01.gif\" alt=\"black right 01\" width=\"12\" height=\"12\" \/>\u00a0<a href=\"https:\/\/www.unidroit.org\/english\/news\/2017\/170328-rail-protocol-beijing\/agenda-e.pdf\">ici<\/a>\u00a0pour l&#8217;agenda\u00a0<em>(en anlgais)<\/em>.<\/p>\n<p>&nbsp;<\/p>\n<table>\n<tbody>\n<tr>\n<td><img loading=\"lazy\" decoding=\"async\" src=\"https:\/\/www.unidroit.org\/english\/news\/2017\/170328-rail-protocol-beijing\/pict01.jpg\" alt=\"pict01\" width=\"155\" height=\"167\" \/><\/td>\n<td><\/td>\n<td><img loading=\"lazy\" decoding=\"async\" src=\"https:\/\/www.unidroit.org\/english\/news\/2017\/170328-rail-protocol-beijing\/pict02.jpg\" alt=\"pict02\" width=\"155\" height=\"167\" \/><\/td>\n<td><\/td>\n<td><img loading=\"lazy\" decoding=\"async\" src=\"https:\/\/www.unidroit.org\/english\/news\/2017\/170328-rail-protocol-beijing\/pict03.jpg\" alt=\"pict03\" width=\"155\" height=\"171\" \/><\/td>\n<\/tr>\n<tr>\n<td>\u00a0<em>Directeur G\u00e9n\u00e9ral adjoint du<br \/>\nD\u00e9partement des trait\u00e9s et du<br \/>\ndroit du MOFCOM, M. YE Jun,<br \/>\npronon\u00e7ant ses observations<br \/>\npr\u00e9liminaires.<\/em><\/td>\n<td><\/td>\n<td><em>Secr\u00e9taire G\u00e9n\u00e9ral d&#8217;UNIDROIT<br \/>\nM. Jos\u00e9 Angelo Estrella Faria<br \/>\nremet son expos\u00e9.<\/em><\/td>\n<td><\/td>\n<td><em>Directeur G\u00e9n\u00e9ral de Regulis SA<br \/>\n(registraire d\u00e9sign\u00e9 du Registre<br \/>\ninternational en vertu du Protocole<br \/>\nferroviaire), Mme Elizabeth Hirst<br \/>\npronon\u00e7ant sa pr\u00e9sentation.<\/em><\/td>\n<\/tr>\n<\/tbody>\n<\/table>\n<p><a title=\"Agrandir l'image\" href=\"https:\/\/www.unidroit.org\/english\/news\/2017\/170328-rail-protocol-beijing\/pict04.jpg\"><img loading=\"lazy\" decoding=\"async\" src=\"https:\/\/www.unidroit.org\/english\/news\/2017\/170328-rail-protocol-beijing\/pict04.jpg\" alt=\"pict04\" width=\"530\" height=\"218\" \/><\/a><\/p>\n<p><em>Group Photo of the Participants to the Symposium.<\/em><\/p>\n","protected":false},"excerpt":{"rendered":"<p>Le 28 mars 2017, le Secr\u00e9taire G\u00e9n\u00e9ral d\u2019UNIDROIT a \u00e9t\u00e9 invit\u00e9 \u00e0 participer \u00e0 un colloque sur le Protocole de Luxembourg portant sur les questions sp\u00e9cifiques au mat\u00e9riel roulant ferroviaire \u00e0 la convention relative aux garanties internationales portant sur des mat\u00e9riels d\u2019\u00e9quipement mobiles. Le symposium,&nbsp;<a href=\"https:\/\/www.unidroit.org\/fr\/le-secretaire-general-presente-a-un-symposium-sur-le-protocole-ferroviaire-de-luxembourg-a-beijing\/\">&hellip;<\/a><\/p>\n","protected":false},"author":5,"featured_media":0,"comment_status":"closed","ping_status":"closed","sticky":false,"template":"","format":"standard","meta":{"ep_exclude_from_search":false,"footnotes":""},"categories":[79],"tags":[],"class_list":["post-7851","post","type-post","status-publish","format-standard","hentry","category-actualites","odd"],"_links":{"self":[{"href":"https:\/\/www.unidroit.org\/fr\/wp-json\/wp\/v2\/posts\/7851","targetHints":{"allow":["GET"]}}],"collection":[{"href":"https:\/\/www.unidroit.org\/fr\/wp-json\/wp\/v2\/posts"}],"about":[{"href":"https:\/\/www.unidroit.org\/fr\/wp-json\/wp\/v2\/types\/post"}],"author":[{"embeddable":true,"href":"https:\/\/www.unidroit.org\/fr\/wp-json\/wp\/v2\/users\/5"}],"replies":[{"embeddable":true,"href":"https:\/\/www.unidroit.org\/fr\/wp-json\/wp\/v2\/comments?post=7851"}],"version-history":[{"count":0,"href":"https:\/\/www.unidroit.org\/fr\/wp-json\/wp\/v2\/posts\/7851\/revisions"}],"wp:attachment":[{"href":"https:\/\/www.unidroit.org\/fr\/wp-json\/wp\/v2\/media?parent=7851"}],"wp:term":[{"taxonomy":"category","embeddable":true,"href":"https:\/\/www.unidroit.org\/fr\/wp-json\/wp\/v2\/categories?post=7851"},{"taxonomy":"post_tag","embeddable":true,"href":"https:\/\/www.unidroit.org\/fr\/wp-json\/wp\/v2\/tags?post=7851"}],"curies":[{"name":"wp","href":"https:\/\/api.w.org\/{rel}","templated":true}]}}